{"id":3249,"date":"2023-12-12T13:13:08","date_gmt":"2023-12-12T12:13:08","guid":{"rendered":"https:\/\/lk.regionalnidobrovolnickecentrum.cz\/subdom\/lk\/?p=3249"},"modified":"2023-12-12T13:13:08","modified_gmt":"2023-12-12T12:13:08","slug":"prosim-slyste-v-novem-boru-probehl-beneficni-koncert-na-podporu-fondu-ozvena","status":"publish","type":"post","link":"https:\/\/lk.regionalnidobrovolnickecentrum.cz\/subdom\/lk\/prosim-slyste-v-novem-boru-probehl-beneficni-koncert-na-podporu-fondu-ozvena\/","title":{"rendered":"Pros\u00edm, sly\u0161te! V Nov\u00e9m Boru prob\u011bhl benefi\u010dn\u00ed koncert na podporu fondu Ozv\u011bna."},"content":{"rendered":"<p><a href=\"http:\/\/ozvena.org\">Nada\u010dn\u00ed fond Ozv\u011bna<\/a>, kter\u00fd pom\u00e1ch\u00e1 sluchov\u011b posti\u017een\u00fdm,\u00a0 po\u0159\u00e1dal v Nov\u00e9m Boru v tomto roce ji\u017e druh\u00fd benefi\u010dn\u00ed koncert. Jeho v\u00fdt\u011b\u017eek je v\u011bnov\u00e1n pr\u00e1v\u011b podpo\u0159e nesly\u0161\u00edc\u00edch a sluchov\u011b posti\u017een\u00fdch. Ve\u010der zahr\u00e1la swingov\u00e1 kapela <a href=\"https:\/\/www.clarinetsociety.cz\/\">Clarinet Society<\/a> a jej\u00edmi p\u0159edskokany byli \u017e\u00e1ci <a href=\"https:\/\/zusnb.cz\/\">ZU\u0160 Nov\u00fd Bor<\/a>.<\/p>\n<p>V r\u00e1mci koncertu byl tak\u00e9 pok\u0159t\u011bn kalend\u00e1\u0159, jeho\u017e autorkou je devaten\u00e1ctilet\u00e1, od narozen\u00ed nesly\u0161\u00edc\u00ed Zuzana Lesse. Ztv\u00e1rnila v n\u011bm sv\u00e9 emoce, kter\u00e9 vn\u00edm\u00e1, kdy\u017e je mezi n\u00e1mi sly\u0161\u00edc\u00edmi. Najdeme v n\u011bm i mal\u00e1 doporu\u010den\u00ed, jak se do sluchov\u011b posti\u017een\u00fdch v\u017e\u00edt, a sn\u00e1ze jim tak porozum\u011bt.<\/p>\n<p>Pod\u00edvejte se na report\u00e1\u017e z benefi\u010dn\u00ed akce v Nov\u00e9m Boru od rtm+:<\/p>\n<div style=\"width: 800px;\" class=\"wp-video\"><!--[if lt IE 9]><script>document.createElement('video');<\/script><![endif]-->\n<video class=\"wp-video-shortcode\" id=\"video-3249-1\" width=\"800\" height=\"450\" preload=\"metadata\" controls=\"controls\"><source type=\"video\/mp4\" src=\"https:\/\/lk.regionalnidobrovolnickecentrum.cz\/subdom\/lk\/wp-content\/uploads\/2020\/07\/RTMplus_Ozvena-pokrtila-kalendar.mp4?_=1\" \/><a href=\"https:\/\/lk.regionalnidobrovolnickecentrum.cz\/subdom\/lk\/wp-content\/uploads\/2020\/07\/RTMplus_Ozvena-pokrtila-kalendar.mp4\">https:\/\/lk.regionalnidobrovolnickecentrum.cz\/subdom\/lk\/wp-content\/uploads\/2020\/07\/RTMplus_Ozvena-pokrtila-kalendar.mp4<\/a><\/video><\/div>\n<p>&nbsp;<\/p>\n<p>\u00davodn\u00ed obr\u00e1zek je z <a href=\"https:\/\/www.facebook.com\/p\/Nada%C4%8Dn%C3%AD-fond-Ozv%C4%9Bna-100064590193316\/?paipv=0&amp;eav=AfYSVv3H8mKnJ_0PZaQttc8_cBx0jXTVaEW0cIq86DjrOLazm2NO-1DKN9sO01lFRjo&amp;_rdr\">Facebooku Ozv\u011bny<\/a>.<\/p>\n","protected":false},"excerpt":{"rendered":"<p>Nada\u010dn\u00ed fond Ozv\u011bna, kter\u00fd pom\u00e1ch\u00e1 sluchov\u011b posti\u017een\u00fdm,\u00a0 po\u0159\u00e1dal v Nov\u00e9m Boru v tomto roce ji\u017e druh\u00fd benefi\u010dn\u00ed koncert. Jeho v\u00fdt\u011b\u017eek<\/p>\n","protected":false},"author":20,"featured_media":3251,"comment_status":"closed","ping_status":"closed","sticky":false,"template":"","format":"standard","meta":{"om_disable_all_campaigns":false,"_monsterinsights_skip_tracking":false,"_monsterinsights_sitenote_active":false,"_monsterinsights_sitenote_note":"","_monsterinsights_sitenote_category":0,"footnotes":""},"categories":[5],"tags":[],"aioseo_notices":[],"_links":{"self":[{"href":"https:\/\/lk.regionalnidobrovolnickecentrum.cz\/subdom\/lk\/wp-json\/wp\/v2\/posts\/3249"}],"collection":[{"href":"https:\/\/lk.regionalnidobrovolnickecentrum.cz\/subdom\/lk\/wp-json\/wp\/v2\/posts"}],"about":[{"href":"https:\/\/lk.regionalnidobrovolnickecentrum.cz\/subdom\/lk\/wp-json\/wp\/v2\/types\/post"}],"author":[{"embeddable":true,"href":"https:\/\/lk.regionalnidobrovolnickecentrum.cz\/subdom\/lk\/wp-json\/wp\/v2\/users\/20"}],"replies":[{"embeddable":true,"href":"https:\/\/lk.regionalnidobrovolnickecentrum.cz\/subdom\/lk\/wp-json\/wp\/v2\/comments?post=3249"}],"version-history":[{"count":1,"href":"https:\/\/lk.regionalnidobrovolnickecentrum.cz\/subdom\/lk\/wp-json\/wp\/v2\/posts\/3249\/revisions"}],"predecessor-version":[{"id":3252,"href":"https:\/\/lk.regionalnidobrovolnickecentrum.cz\/subdom\/lk\/wp-json\/wp\/v2\/posts\/3249\/revisions\/3252"}],"wp:featuredmedia":[{"embeddable":true,"href":"https:\/\/lk.regionalnidobrovolnickecentrum.cz\/subdom\/lk\/wp-json\/wp\/v2\/media\/3251"}],"wp:attachment":[{"href":"https:\/\/lk.regionalnidobrovolnickecentrum.cz\/subdom\/lk\/wp-json\/wp\/v2\/media?parent=3249"}],"wp:term":[{"taxonomy":"category","embeddable":true,"href":"https:\/\/lk.regionalnidobrovolnickecentrum.cz\/subdom\/lk\/wp-json\/wp\/v2\/categories?post=3249"},{"taxonomy":"post_tag","embeddable":true,"href":"https:\/\/lk.regionalnidobrovolnickecentrum.cz\/subdom\/lk\/wp-json\/wp\/v2\/tags?post=3249"}],"curies":[{"name":"wp","href":"https:\/\/api.w.org\/{rel}","templated":true}]}}