{"id":3254,"date":"2023-12-15T09:00:18","date_gmt":"2023-12-15T08:00:18","guid":{"rendered":"https:\/\/lk.regionalnidobrovolnickecentrum.cz\/subdom\/lk\/?p=3254"},"modified":"2024-01-31T16:48:49","modified_gmt":"2024-01-31T15:48:49","slug":"stan-se-dobrovolnikem-v-domove-senioru-v-jablonci-nad-nisou","status":"publish","type":"post","link":"https:\/\/lk.regionalnidobrovolnickecentrum.cz\/subdom\/lk\/stan-se-dobrovolnikem-v-domove-senioru-v-jablonci-nad-nisou\/","title":{"rendered":"Sta\u0148 se dobrovoln\u00edkem v domov\u011b senior\u016f v Jablonci nad Nisou!"},"content":{"rendered":"<p>V\u00ed\u0161 o tom, \u017ee disponuje\u0161 komoditou, kter\u00e1 se v dne\u0161n\u00ed dob\u011b velmi vysoce cen\u00ed?<\/p>\n<p>Ano, je to tv\u016fj \u010das. \u010cas tr\u00e1v\u00edme v pr\u00e1ci nebo s rodinou. \u010casto jej doslova utr\u00e1c\u00edme sledov\u00e1n\u00edm seri\u00e1l\u016f v televizi \u010di hran\u00edm videoher. \u010cas ale lze tak\u00e9 darovat. Produktivn\u00ed v\u011bk a ml\u00e1d\u00ed jsou stavy \u017eivota, kter\u00e9 pominou a ne\u00faprosn\u00fdm z\u00e1konem \u010dasu nastoup\u00ed st\u00e1\u0159\u00ed a pot\u0159eba pomoci druh\u00e9ho \u010dlov\u011bka. Na\u0161e spole\u010dnost se odnau\u010dila vid\u011bt realitu st\u00e1\u0159\u00ed a realitu smrti; realitu, kter\u00e1 nemus\u00ed d\u011bsit a odpuzovat, ale naopak motivovat a v\u00e9st \u010dlov\u011bka ke snaze b\u00fdt lep\u0161\u00edm. Senio\u0159i jsou bohat\u00ed lid\u00e9. Bohat\u00ed zku\u0161enostmi, \u017eivotn\u00ed moudrost\u00ed, kterou ti mohou p\u0159edat. M\u00e1\u0161 \u010das?<\/p>\n<p>M\u00e1lokomu doch\u00e1z\u00ed, jak d\u011bsiv\u00e1 samota m\u016f\u017ee b\u00fdt. Mnoz\u00ed senio\u0159i jsou bez n\u00e1v\u0161t\u011bvy bl\u00edzk\u00fdch osob i n\u011bkolik let. Poj\u010fme to zm\u011bnit! M\u00e1\u0161 \u010das?<\/p>\n<p>V \u010cech\u00e1ch, \u017eel Bohu, je dobrovolnictv\u00ed st\u00e1le sp\u00ed\u0161e okrajov\u00fdm t\u00e9matem, zat\u00edmco \u201ena z\u00e1pad\u011b\u201c jde o fenom\u00e9n se staletou tradic\u00ed a nepopirateln\u00fdm kulturn\u00edm, ale i ekonomick\u00fdm p\u0159\u00ednosem pro spole\u010dnost. V USA \u010di v N\u011bmecku je nap\u0159\u00edklad zcela b\u011b\u017en\u00e9, \u017ee po studiu jdou mlad\u00ed lid\u00e9 (v\u011bt\u0161inou na jeden rok) na st\u00e1\u017e do zahrani\u010d\u00ed jako dobrovoln\u00edci. Jednak t\u00edm nepopirateln\u011b pom\u00e1haj\u00ed okol\u00ed, ale z\u00e1rove\u0148 obohacuj\u00ed sebe: u\u010d\u00ed se nov\u00e9 jazyky, u\u010d\u00ed se trp\u011blivosti, vid\u00ed \u201eb\u00eddu sv\u011bta\u201c a tedy se st\u00e1vaj\u00ed vysp\u011blej\u0161\u00edmi, lep\u0161\u00edmi lidmi. A to v\u0161e zcela zdarma z obou stran. Chce to jen\u2026\u010das. M\u00e1\u0161 ho?<\/p>\n<p>Pokud ano, p\u0159ij\u010f na \u0161kolen\u00ed nov\u00fdch dobrovoln\u00edk\u016f, kter\u00e9 po\u0159\u00e1d\u00e1 <a href=\"https:\/\/adra.cz\/jak-pomahame\/dobrovolnictvi\/liberec\/\"><strong>dobrovolnick\u00e9 centrum ADRA Liberec<\/strong> <\/a>pro ty, kte\u0159\u00ed by cht\u011bli pom\u00e1hat osam\u011bl\u00fdm senior\u016fm <a href=\"https:\/\/domovuprehrady.cz\/\"><strong>v domov\u011b senior\u016f U P\u0159ehrady<\/strong>.<\/a><\/p>\n<p>Dobrovoln\u00edkem se m\u016f\u017ee st\u00e1t ka\u017ed\u00fd, kdo m\u00e1 \u010das a chu\u0165 pom\u00e1hat druh\u00fdm. Dobrovoln\u00edci si budou se seniory pov\u00eddat, lu\u0161tit k\u0159\u00ed\u017eovky, chodit na proch\u00e1zky, \u010d\u00edst jim. Uv\u00edt\u00e1me z\u00e1jemce, kte\u0159\u00ed um\u00ed hr\u00e1t na hudebn\u00ed n\u00e1stroj a zp\u00edvat. Ka\u017ed\u00e9ho z V\u00e1s pro\u0161kol\u00edme a pojist\u00edme.<\/p>\n<p>Pokud V\u00e1s tato p\u0159\u00edle\u017eitost zaujala, <strong>p\u0159ij\u010fte dne 14.1.2024 na \u0161kolen\u00ed, kter\u00e9 prob\u011bhne ve 13:00 v Domov\u011b senior\u016f U P\u0159ehrady v Jablonci nad Nisou. (Adresa: U P\u0159ehrady 5282\/69).<\/strong><\/p>\n<div style=\"width: 800px;\" class=\"wp-video\"><!--[if lt IE 9]><script>document.createElement('video');<\/script><![endif]-->\n<video class=\"wp-video-shortcode\" id=\"video-3254-1\" width=\"800\" height=\"450\" preload=\"metadata\" controls=\"controls\"><source type=\"video\/mp4\" src=\"https:\/\/lk.regionalnidobrovolnickecentrum.cz\/subdom\/lk\/wp-content\/uploads\/2020\/07\/RTMplus_Dobro-U-Prehrady.mp4?_=1\" \/><a href=\"https:\/\/lk.regionalnidobrovolnickecentrum.cz\/subdom\/lk\/wp-content\/uploads\/2020\/07\/RTMplus_Dobro-U-Prehrady.mp4\">https:\/\/lk.regionalnidobrovolnickecentrum.cz\/subdom\/lk\/wp-content\/uploads\/2020\/07\/RTMplus_Dobro-U-Prehrady.mp4<\/a><\/video><\/div>\n<div id='gallery-1' class='gallery galleryid-3254 gallery-columns-3 gallery-size-colormag-featured-image'><figure class='gallery-item'>\n\t\t\t<div class='gallery-icon portrait'>\n\t\t\t\t<a href='https:\/\/lk.regionalnidobrovolnickecentrum.cz\/subdom\/lk\/stan-se-dobrovolnikem-v-domove-senioru-v-jablonci-nad-nisou\/domov-senioru-plakat\/'><img loading=\"lazy\" decoding=\"async\" width=\"800\" height=\"445\" src=\"https:\/\/lk.regionalnidobrovolnickecentrum.cz\/subdom\/lk\/wp-content\/uploads\/2023\/12\/Domov-Senioru-plakat-800x445.jpg\" class=\"attachment-colormag-featured-image size-colormag-featured-image\" alt=\"\" aria-describedby=\"gallery-1-3256\" \/><\/a>\n\t\t\t<\/div>\n\t\t\t\t<figcaption class='wp-caption-text gallery-caption' id='gallery-1-3256'>\n\t\t\t\tPlak\u00e1t &#8211; informace o \u0161kolen\u00ed dobrovoln\u00edk\u016f\n\t\t\t\t<\/figcaption><\/figure>\n\t\t<\/div>\n\n","protected":false},"excerpt":{"rendered":"<p>V\u00ed\u0161 o tom, \u017ee disponuje\u0161 komoditou, kter\u00e1 se v dne\u0161n\u00ed dob\u011b velmi vysoce cen\u00ed? Ano, je to tv\u016fj \u010das. \u010cas<\/p>\n","protected":false},"author":20,"featured_media":3255,"comment_status":"closed","ping_status":"closed","sticky":false,"template":"","format":"standard","meta":{"om_disable_all_campaigns":false,"_monsterinsights_skip_tracking":false,"_monsterinsights_sitenote_active":false,"_monsterinsights_sitenote_note":"","_monsterinsights_sitenote_category":0,"footnotes":""},"categories":[5],"tags":[],"aioseo_notices":[],"_links":{"self":[{"href":"https:\/\/lk.regionalnidobrovolnickecentrum.cz\/subdom\/lk\/wp-json\/wp\/v2\/posts\/3254"}],"collection":[{"href":"https:\/\/lk.regionalnidobrovolnickecentrum.cz\/subdom\/lk\/wp-json\/wp\/v2\/posts"}],"about":[{"href":"https:\/\/lk.regionalnidobrovolnickecentrum.cz\/subdom\/lk\/wp-json\/wp\/v2\/types\/post"}],"author":[{"embeddable":true,"href":"https:\/\/lk.regionalnidobrovolnickecentrum.cz\/subdom\/lk\/wp-json\/wp\/v2\/users\/20"}],"replies":[{"embeddable":true,"href":"https:\/\/lk.regionalnidobrovolnickecentrum.cz\/subdom\/lk\/wp-json\/wp\/v2\/comments?post=3254"}],"version-history":[{"count":4,"href":"https:\/\/lk.regionalnidobrovolnickecentrum.cz\/subdom\/lk\/wp-json\/wp\/v2\/posts\/3254\/revisions"}],"predecessor-version":[{"id":3300,"href":"https:\/\/lk.regionalnidobrovolnickecentrum.cz\/subdom\/lk\/wp-json\/wp\/v2\/posts\/3254\/revisions\/3300"}],"wp:featuredmedia":[{"embeddable":true,"href":"https:\/\/lk.regionalnidobrovolnickecentrum.cz\/subdom\/lk\/wp-json\/wp\/v2\/media\/3255"}],"wp:attachment":[{"href":"https:\/\/lk.regionalnidobrovolnickecentrum.cz\/subdom\/lk\/wp-json\/wp\/v2\/media?parent=3254"}],"wp:term":[{"taxonomy":"category","embeddable":true,"href":"https:\/\/lk.regionalnidobrovolnickecentrum.cz\/subdom\/lk\/wp-json\/wp\/v2\/categories?post=3254"},{"taxonomy":"post_tag","embeddable":true,"href":"https:\/\/lk.regionalnidobrovolnickecentrum.cz\/subdom\/lk\/wp-json\/wp\/v2\/tags?post=3254"}],"curies":[{"name":"wp","href":"https:\/\/api.w.org\/{rel}","templated":true}]}}