{"id":3280,"date":"2024-01-22T12:57:05","date_gmt":"2024-01-22T11:57:05","guid":{"rendered":"https:\/\/lk.regionalnidobrovolnickecentrum.cz\/subdom\/lk\/?p=3280"},"modified":"2024-01-23T08:48:51","modified_gmt":"2024-01-23T07:48:51","slug":"v-unoru-zacinaji-tydny-pro-neziskovy-sektor","status":"publish","type":"post","link":"https:\/\/lk.regionalnidobrovolnickecentrum.cz\/subdom\/lk\/v-unoru-zacinaji-tydny-pro-neziskovy-sektor\/","title":{"rendered":"V \u00fanoru za\u010d\u00ednaj\u00ed T\u00fddny pro neziskov\u00fd sektor!"},"content":{"rendered":"<p><img loading=\"lazy\" decoding=\"async\" class=\"size-medium wp-image-2231 alignleft\" src=\"https:\/\/lk.regionalnidobrovolnickecentrum.cz\/subdom\/lk\/wp-content\/uploads\/2022\/02\/Tynes2022_03_web-300x167.jpg\" alt=\"\" width=\"300\" height=\"167\" srcset=\"https:\/\/lk.regionalnidobrovolnickecentrum.cz\/subdom\/lk\/wp-content\/uploads\/2022\/02\/Tynes2022_03_web-300x167.jpg 300w, https:\/\/lk.regionalnidobrovolnickecentrum.cz\/subdom\/lk\/wp-content\/uploads\/2022\/02\/Tynes2022_03_web-768x427.jpg 768w, https:\/\/lk.regionalnidobrovolnickecentrum.cz\/subdom\/lk\/wp-content\/uploads\/2022\/02\/Tynes2022_03_web.jpg 800w\" sizes=\"(max-width: 300px) 100vw, 300px\" \/><\/p>\n<p>Od 1.2. do 11.3. budou prob\u00edhat jako ka\u017ed\u00fdm rokem T\u00fddny pro neziskov\u00fd sektor (<a href=\"https:\/\/www.tynes.cz\/\">T\u00fdnes<\/a>).\u00a0 Pro ve\u0159ejnost jsou p\u0159ipraveny des\u00edtky akc\u00ed v\u010detn\u011b p\u0159edn\u00e1\u0161ek, p\u0159edstaven\u00ed pr\u00e1ce neziskovek, pr\u00e1zdninov\u00fdch d\u00edlen pro d\u011bti, dn\u016f pro dobrovolnictv\u00ed nebo koncertu nejen pro dobrovoln\u00edky. Akce budou prob\u00edhat v Krajsk\u00e9 v\u011bdeck\u00e9 knihovn\u011b v Liberci, v Pal\u00e1ci Liebieg, v ZU\u0160 Liberec a na TUL.<\/p>\n<p>Kompletn\u00ed program najdete <a href=\"https:\/\/www.tynes.cz\/kopie-program\">zde<\/a>.<\/p>\n<p>Organiz\u00e1tory jsou <a href=\"https:\/\/lk.regionalnidobrovolnickecentrum.cz\/subdom\/lk\/\">Region\u00e1ln\u00ed dobrovolnick\u00e9 centrum Libereck\u00e9ho kraje<\/a> a <a href=\"http:\/\/www.annolk.cz\/\">Asociace nest\u00e1tn\u00edch neziskov\u00fdch organizac\u00ed <\/a><\/p>\n<figure id=\"attachment_2233\" aria-describedby=\"caption-attachment-2233\" style=\"width: 300px\" class=\"wp-caption alignright\"><a href=\"http:\/\/www.annolk.cz\/\"><img loading=\"lazy\" decoding=\"async\" class=\"size-medium wp-image-2233\" src=\"https:\/\/lk.regionalnidobrovolnickecentrum.cz\/subdom\/lk\/wp-content\/uploads\/2022\/02\/Tynes2022_01_fcb-300x157.jpg\" alt=\"\" width=\"300\" height=\"157\" srcset=\"https:\/\/lk.regionalnidobrovolnickecentrum.cz\/subdom\/lk\/wp-content\/uploads\/2022\/02\/Tynes2022_01_fcb-300x157.jpg 300w, https:\/\/lk.regionalnidobrovolnickecentrum.cz\/subdom\/lk\/wp-content\/uploads\/2022\/02\/Tynes2022_01_fcb-1024x536.jpg 1024w, https:\/\/lk.regionalnidobrovolnickecentrum.cz\/subdom\/lk\/wp-content\/uploads\/2022\/02\/Tynes2022_01_fcb-768x402.jpg 768w, https:\/\/lk.regionalnidobrovolnickecentrum.cz\/subdom\/lk\/wp-content\/uploads\/2022\/02\/Tynes2022_01_fcb-390x205.jpg 390w, https:\/\/lk.regionalnidobrovolnickecentrum.cz\/subdom\/lk\/wp-content\/uploads\/2022\/02\/Tynes2022_01_fcb.jpg 1200w\" sizes=\"(max-width: 300px) 100vw, 300px\" \/><\/a><figcaption id=\"caption-attachment-2233\" class=\"wp-caption-text\"><a href=\"http:\/\/www.annolk.cz\/\">\u00a0<\/a><\/figcaption><\/figure>\n<p><a href=\"http:\/\/www.annolk.cz\/\">Libereck\u00e9ho kraje.<\/a>\u00a0T\u00fddny pro neziskov\u00fd sektor budou zah\u00e1jeny 1.2. vernis\u00e1\u017e\u00ed v\u00fdstavy s doprovodn\u00fdm programem D\u011btsk\u00e9ho folkl\u00f3rn\u00edho souboru Jizerka, a to tradi\u010dn\u011b v Krajsk\u00e9 v\u011bdeck\u00e9 knihovn\u011b v Liberci. Den p\u0159edt\u00edm\u00a0 prob\u011bhne tak\u00e9 tiskov\u00e1 konference na Krajsk\u00e9m \u00fa\u0159ad\u011b v Liberci.<\/p>\n<p>V r\u00e1mci T\u00fdnes se tak\u00e9 uskute\u010dn\u00ed Dny dobrovolnictv\u00ed, jejich\u017e c\u00edlem je pouk\u00e1zat na mno\u017estv\u00ed organizac\u00ed, kter\u00e9 s dobrovoln\u00edky pracuj\u00ed, a p\u0159edstavit dobrovolnictv\u00ed jako cennou a smysluplnou variantu tr\u00e1ven\u00ed voln\u00e9ho \u010dasu. A jako pod\u011bkov\u00e1n\u00ed v\u0161em, kte\u0159\u00ed v\u011bnuj\u00ed sv\u016fj voln\u00fd \u010das a energii druh\u00fdm, je p\u0159ipraven koncert nejen pro dobrovoln\u00edky v pod\u00e1n\u00ed Big band ZU\u0160 Liberec.<\/p>\n<p>P\u0159ij\u010fte se p\u0159esv\u011bd\u010dit, \u017ee Libereck\u00fd kraj m\u00e1 siln\u00fd a kvalitn\u00ed neziskov\u00fd sektor, jeho\u017e ned\u00edlnou sou\u010d\u00e1st\u00ed je dobrovolnictv\u00ed.<\/p>\n<div id='gallery-1' class='gallery galleryid-3280 gallery-columns-3 gallery-size-colormag-featured-image'><figure class='gallery-item'>\n\t\t\t<div class='gallery-icon portrait'>\n\t\t\t\t<a href='https:\/\/lk.regionalnidobrovolnickecentrum.cz\/subdom\/lk\/v-unoru-zacinaji-tydny-pro-neziskovy-sektor\/a4-plakat-2024\/'><img loading=\"lazy\" decoding=\"async\" width=\"800\" height=\"445\" src=\"https:\/\/lk.regionalnidobrovolnickecentrum.cz\/subdom\/lk\/wp-content\/uploads\/2024\/01\/A4-plakat-2024-800x445.jpg\" class=\"attachment-colormag-featured-image size-colormag-featured-image\" alt=\"\" aria-describedby=\"gallery-1-3281\" \/><\/a>\n\t\t\t<\/div>\n\t\t\t\t<figcaption class='wp-caption-text gallery-caption' id='gallery-1-3281'>\n\t\t\t\tT\u00fdnes 2024\n\t\t\t\t<\/figcaption><\/figure>\n\t\t<\/div>\n\n<p>&nbsp;<\/p>\n<p>&nbsp;<\/p>\n","protected":false},"excerpt":{"rendered":"<p>Od 1.2. do 11.3. budou prob\u00edhat jako ka\u017ed\u00fdm rokem T\u00fddny pro neziskov\u00fd sektor (T\u00fdnes).\u00a0 Pro ve\u0159ejnost jsou p\u0159ipraveny des\u00edtky akc\u00ed<\/p>\n","protected":false},"author":20,"featured_media":2609,"comment_status":"closed","ping_status":"closed","sticky":false,"template":"","format":"standard","meta":{"om_disable_all_campaigns":false,"_monsterinsights_skip_tracking":false,"_monsterinsights_sitenote_active":false,"_monsterinsights_sitenote_note":"","_monsterinsights_sitenote_category":0,"footnotes":""},"categories":[2],"tags":[],"aioseo_notices":[],"_links":{"self":[{"href":"https:\/\/lk.regionalnidobrovolnickecentrum.cz\/subdom\/lk\/wp-json\/wp\/v2\/posts\/3280"}],"collection":[{"href":"https:\/\/lk.regionalnidobrovolnickecentrum.cz\/subdom\/lk\/wp-json\/wp\/v2\/posts"}],"about":[{"href":"https:\/\/lk.regionalnidobrovolnickecentrum.cz\/subdom\/lk\/wp-json\/wp\/v2\/types\/post"}],"author":[{"embeddable":true,"href":"https:\/\/lk.regionalnidobrovolnickecentrum.cz\/subdom\/lk\/wp-json\/wp\/v2\/users\/20"}],"replies":[{"embeddable":true,"href":"https:\/\/lk.regionalnidobrovolnickecentrum.cz\/subdom\/lk\/wp-json\/wp\/v2\/comments?post=3280"}],"version-history":[{"count":6,"href":"https:\/\/lk.regionalnidobrovolnickecentrum.cz\/subdom\/lk\/wp-json\/wp\/v2\/posts\/3280\/revisions"}],"predecessor-version":[{"id":3287,"href":"https:\/\/lk.regionalnidobrovolnickecentrum.cz\/subdom\/lk\/wp-json\/wp\/v2\/posts\/3280\/revisions\/3287"}],"wp:featuredmedia":[{"embeddable":true,"href":"https:\/\/lk.regionalnidobrovolnickecentrum.cz\/subdom\/lk\/wp-json\/wp\/v2\/media\/2609"}],"wp:attachment":[{"href":"https:\/\/lk.regionalnidobrovolnickecentrum.cz\/subdom\/lk\/wp-json\/wp\/v2\/media?parent=3280"}],"wp:term":[{"taxonomy":"category","embeddable":true,"href":"https:\/\/lk.regionalnidobrovolnickecentrum.cz\/subdom\/lk\/wp-json\/wp\/v2\/categories?post=3280"},{"taxonomy":"post_tag","embeddable":true,"href":"https:\/\/lk.regionalnidobrovolnickecentrum.cz\/subdom\/lk\/wp-json\/wp\/v2\/tags?post=3280"}],"curies":[{"name":"wp","href":"https:\/\/api.w.org\/{rel}","templated":true}]}}