{"id":3301,"date":"2024-02-05T09:40:18","date_gmt":"2024-02-05T08:40:18","guid":{"rendered":"https:\/\/lk.regionalnidobrovolnickecentrum.cz\/subdom\/lk\/?p=3301"},"modified":"2024-02-05T09:40:57","modified_gmt":"2024-02-05T08:40:57","slug":"odsouzeni-vyrabeli-skritky-pro-charitu","status":"publish","type":"post","link":"https:\/\/lk.regionalnidobrovolnickecentrum.cz\/subdom\/lk\/odsouzeni-vyrabeli-skritky-pro-charitu\/","title":{"rendered":"Odsouzen\u00ed vyr\u00e1b\u011bli sk\u0159\u00edtky pro charitu"},"content":{"rendered":"<p class=\"vs-u-text-bold text-justify\"><a href=\"https:\/\/www.vscr.cz\/organizacni-jednotky\/vazebni-veznice-liberec\">Vazebn\u00ed v\u011bznice Liberec<\/a> darovala na sklonku lo\u0148sk\u00e9ho roku charitativn\u00ed organizaci ADRA ru\u010dn\u011b \u0161it\u00e9 postavi\u010dky sk\u0159\u00edtk\u016f, kter\u00e9 vyrobili odsouzen\u00ed. N\u011bkter\u00e9 z nich ADRA rozd\u00e1v\u00e1 b\u011bhem \u0161kolen\u00ed dobrovoln\u00edk\u016f, n\u011bkter\u00e9 prod\u00e1v\u00e1 v charitativn\u00edch obchodech v Liberci. V\u00fdt\u011b\u017eek z prodeje pak pou\u017e\u00edv\u00e1 k financov\u00e1n\u00ed dobro\u010dinn\u00fdch projekt\u016f v Libereck\u00e9m kraji.<\/p>\n<div class=\"_cms-content\">\n<p>Postavi\u010dky sk\u0159\u00edtk\u016f \u0161ili b\u011bhem uplynul\u00e9ho roku dva odsouzen\u00ed ze specializovan\u00e9ho odd\u011blen\u00ed ve sv\u00e9m voln\u00e9m \u010dase z\u00a0materi\u00e1lu, kter\u00fd z\u00edskala vazebn\u00ed v\u011bznice od soukrom\u00fdch d\u00e1rc\u016f, p\u0159ev\u00e1\u017en\u011b z\u00a0\u0159ad zam\u011bstnanc\u016f. I v leto\u0161n\u00edm roce pl\u00e1nuj\u00ed v\u011bzni pro organizaci v\u00a0r\u00e1mci volno\u010dasov\u00fdch aktivit zhotovovat vhodn\u00e9 d\u00e1rkov\u00e9 p\u0159edm\u011bty. Tentokr\u00e1t to budou dekorativn\u00ed sv\u00ed\u010dky. C\u00edlem t\u011bchto manu\u00e1ln\u00edch \u010dinnost\u00ed u odsouzen\u00fdch je procvi\u010den\u00ed zru\u010dnosti a osvojen\u00ed si pracovn\u00edho n\u00e1vyku, ale tak\u00e9 z\u00edsk\u00e1n\u00ed pocitu, \u017ee se d\u00e1 vytvo\u0159it n\u011bco hezk\u00e9ho, praktick\u00e9ho a sou\u010dasn\u011b p\u0159isp\u011bt na dobrou v\u011bc.<\/p>\n<p>Vazebn\u00ed v\u011bznice s\u00a0organizac\u00ed ADRA spolupracuje dlouhodob\u011b. V\u00a0minulosti vybran\u00ed odsouzen\u00ed pom\u00e1hali s\u00a0otev\u0159en\u00edm nov\u00e9ho charitativn\u00edho obchodu v\u00a0Turnov\u011b nebo se sb\u011brem hra\u010dek v\u00a0r\u00e1mci Dne dobr\u00fdch skutk\u016f \u201e<a href=\"https:\/\/adra.cz\/jak-pomahame\/dobrovolnictvi\/liberec\/aktualita\/dekujeme-detem-za-nadherne-darky-giving-tuesday\/\">Giving Thuesday<\/a>\u201c, kter\u00fd organizovali dobrovoln\u00edci na z\u00e1kladn\u00edch \u0161kol\u00e1ch v\u00a0p\u0159edv\u00e1no\u010dn\u00edm \u010dase.<\/p>\n<p>O \u010dinnosti organizace ADRA v libereck\u00e9m regionu se dozv\u00edte v\u00edce <a href=\"https:\/\/adra.cz\/jak-pomahame\/dobrovolnictvi\/liberec\/aktuality\/\">zde.<\/a><\/p>\n<div id='gallery-1' class='gallery galleryid-3301 gallery-columns-3 gallery-size-colormag-featured-image'><figure class='gallery-item'>\n\t\t\t<div class='gallery-icon portrait'>\n\t\t\t\t<a href='https:\/\/lk.regionalnidobrovolnickecentrum.cz\/subdom\/lk\/odsouzeni-vyrabeli-skritky-pro-charitu\/foto-3\/'><img loading=\"lazy\" decoding=\"async\" width=\"800\" height=\"445\" src=\"https:\/\/lk.regionalnidobrovolnickecentrum.cz\/subdom\/lk\/wp-content\/uploads\/2024\/02\/Foto-3-800x445.jpg\" class=\"attachment-colormag-featured-image size-colormag-featured-image\" alt=\"\" \/><\/a>\n\t\t\t<\/div><\/figure><figure class='gallery-item'>\n\t\t\t<div class='gallery-icon portrait'>\n\t\t\t\t<a href='https:\/\/lk.regionalnidobrovolnickecentrum.cz\/subdom\/lk\/odsouzeni-vyrabeli-skritky-pro-charitu\/foto-2-2\/'><img loading=\"lazy\" decoding=\"async\" width=\"800\" height=\"445\" src=\"https:\/\/lk.regionalnidobrovolnickecentrum.cz\/subdom\/lk\/wp-content\/uploads\/2024\/02\/Foto-2-800x445.jpg\" class=\"attachment-colormag-featured-image size-colormag-featured-image\" alt=\"\" \/><\/a>\n\t\t\t<\/div><\/figure><figure class='gallery-item'>\n\t\t\t<div class='gallery-icon landscape'>\n\t\t\t\t<a href='https:\/\/lk.regionalnidobrovolnickecentrum.cz\/subdom\/lk\/odsouzeni-vyrabeli-skritky-pro-charitu\/foto-1-2\/'><img loading=\"lazy\" decoding=\"async\" width=\"800\" height=\"445\" src=\"https:\/\/lk.regionalnidobrovolnickecentrum.cz\/subdom\/lk\/wp-content\/uploads\/2024\/02\/Foto-1-800x445.jpg\" class=\"attachment-colormag-featured-image size-colormag-featured-image\" alt=\"\" \/><\/a>\n\t\t\t<\/div><\/figure><figure class='gallery-item'>\n\t\t\t<div class='gallery-icon landscape'>\n\t\t\t\t<a href='https:\/\/lk.regionalnidobrovolnickecentrum.cz\/subdom\/lk\/odsouzeni-vyrabeli-skritky-pro-charitu\/foto-6\/'><img loading=\"lazy\" decoding=\"async\" width=\"800\" height=\"445\" src=\"https:\/\/lk.regionalnidobrovolnickecentrum.cz\/subdom\/lk\/wp-content\/uploads\/2024\/02\/Foto-6-800x445.jpg\" class=\"attachment-colormag-featured-image size-colormag-featured-image\" alt=\"\" \/><\/a>\n\t\t\t<\/div><\/figure>\n\t\t<\/div>\n\n<\/div>\n","protected":false},"excerpt":{"rendered":"<p>Vazebn\u00ed v\u011bznice Liberec darovala na sklonku lo\u0148sk\u00e9ho roku charitativn\u00ed organizaci ADRA ru\u010dn\u011b \u0161it\u00e9 postavi\u010dky sk\u0159\u00edtk\u016f, kter\u00e9 vyrobili odsouzen\u00ed. N\u011bkter\u00e9 z<\/p>\n","protected":false},"author":20,"featured_media":3306,"comment_status":"closed","ping_status":"closed","sticky":false,"template":"","format":"standard","meta":{"om_disable_all_campaigns":false,"_monsterinsights_skip_tracking":false,"_monsterinsights_sitenote_active":false,"_monsterinsights_sitenote_note":"","_monsterinsights_sitenote_category":0,"footnotes":""},"categories":[5],"tags":[],"aioseo_notices":[],"_links":{"self":[{"href":"https:\/\/lk.regionalnidobrovolnickecentrum.cz\/subdom\/lk\/wp-json\/wp\/v2\/posts\/3301"}],"collection":[{"href":"https:\/\/lk.regionalnidobrovolnickecentrum.cz\/subdom\/lk\/wp-json\/wp\/v2\/posts"}],"about":[{"href":"https:\/\/lk.regionalnidobrovolnickecentrum.cz\/subdom\/lk\/wp-json\/wp\/v2\/types\/post"}],"author":[{"embeddable":true,"href":"https:\/\/lk.regionalnidobrovolnickecentrum.cz\/subdom\/lk\/wp-json\/wp\/v2\/users\/20"}],"replies":[{"embeddable":true,"href":"https:\/\/lk.regionalnidobrovolnickecentrum.cz\/subdom\/lk\/wp-json\/wp\/v2\/comments?post=3301"}],"version-history":[{"count":1,"href":"https:\/\/lk.regionalnidobrovolnickecentrum.cz\/subdom\/lk\/wp-json\/wp\/v2\/posts\/3301\/revisions"}],"predecessor-version":[{"id":3307,"href":"https:\/\/lk.regionalnidobrovolnickecentrum.cz\/subdom\/lk\/wp-json\/wp\/v2\/posts\/3301\/revisions\/3307"}],"wp:featuredmedia":[{"embeddable":true,"href":"https:\/\/lk.regionalnidobrovolnickecentrum.cz\/subdom\/lk\/wp-json\/wp\/v2\/media\/3306"}],"wp:attachment":[{"href":"https:\/\/lk.regionalnidobrovolnickecentrum.cz\/subdom\/lk\/wp-json\/wp\/v2\/media?parent=3301"}],"wp:term":[{"taxonomy":"category","embeddable":true,"href":"https:\/\/lk.regionalnidobrovolnickecentrum.cz\/subdom\/lk\/wp-json\/wp\/v2\/categories?post=3301"},{"taxonomy":"post_tag","embeddable":true,"href":"https:\/\/lk.regionalnidobrovolnickecentrum.cz\/subdom\/lk\/wp-json\/wp\/v2\/tags?post=3301"}],"curies":[{"name":"wp","href":"https:\/\/api.w.org\/{rel}","templated":true}]}}