{"id":3337,"date":"2024-02-29T19:16:44","date_gmt":"2024-02-29T18:16:44","guid":{"rendered":"https:\/\/lk.regionalnidobrovolnickecentrum.cz\/subdom\/lk\/?p=3337"},"modified":"2024-03-25T14:50:37","modified_gmt":"2024-03-25T13:50:37","slug":"za-lepsi-svet-za-lepsi-ja-beseda-na-fp-tul","status":"publish","type":"post","link":"https:\/\/lk.regionalnidobrovolnickecentrum.cz\/subdom\/lk\/za-lepsi-svet-za-lepsi-ja-beseda-na-fp-tul\/","title":{"rendered":"Za lep\u0161\u00ed sv\u011bt, za lep\u0161\u00ed j\u00e1 &#8211; beseda na FP TUL"},"content":{"rendered":"<p>Studenti<a href=\"https:\/\/www.fp.tul.cz\/\"> FP TUL<\/a>, uva\u017eujete o tom, \u017ee byste cht\u011bli pom\u00e1hat jako dobrovoln\u00edci? P\u0159ij\u010fte se pod\u00edvat na besedu, kter\u00e1 se na fakult\u011b uskute\u010dn\u00ed\u00a0 6.3. 2024 v 10:40 (P100).<\/p>\n<p>Zjist\u00edte:<\/p>\n<ul>\n<li>kolik kredit\u016f m\u016f\u017eete dostat za dobrovolnickou \u010dinnost<\/li>\n<li>jak skloubit dobrovolnictv\u00ed a studium<\/li>\n<li>co v\u00e1m dobrovolnictv\u00ed d\u00e1 a pro\u010d se mu v\u011bnovat<\/li>\n<li>kde dobrovolni\u010d\u00ed studenti FP\n<div class=\"uk-panel uk-margin\">\n<div class=\"\" data-block=\"true\" data-editor=\"fnngi\" data-offset-key=\"odf-0-0\"><\/div>\n<\/div>\n<\/li>\n<\/ul>\n<p>Tento semin\u00e1\u0159 pod n\u00e1zvem<a href=\"https:\/\/www.fp.tul.cz\/aktuality\/co-se-deje-na-fakulte\/seminar-proc-dobrovolnicit-pri-studiu-na-fp-tul\"> Za lep\u0161\u00ed sv\u011bt \u2013 za lep\u0161\u00ed j\u00e1<\/a>, po\u0159\u00e1d\u00e1 FP TUL spolu s <a href=\"https:\/\/lk.regionalnidobrovolnickecentrum.cz\/subdom\/lk\/\">Region\u00e1ln\u00edm dobrovolnick\u00fdm centrem Libereck\u00e9ho kraje<\/a>.<\/p>\n<div id='gallery-1' class='gallery galleryid-3337 gallery-columns-3 gallery-size-colormag-featured-image'><figure class='gallery-item'>\n\t\t\t<div class='gallery-icon portrait'>\n\t\t\t\t<a href='https:\/\/lk.regionalnidobrovolnickecentrum.cz\/subdom\/lk\/za-lepsi-svet-za-lepsi-ja-beseda-na-fp-tul\/plakat\/'><img loading=\"lazy\" decoding=\"async\" width=\"800\" height=\"445\" src=\"https:\/\/lk.regionalnidobrovolnickecentrum.cz\/subdom\/lk\/wp-content\/uploads\/2024\/02\/plakat-800x445.jpg\" class=\"attachment-colormag-featured-image size-colormag-featured-image\" alt=\"\" aria-describedby=\"gallery-1-3338\" \/><\/a>\n\t\t\t<\/div>\n\t\t\t\t<figcaption class='wp-caption-text gallery-caption' id='gallery-1-3338'>\n\t\t\t\tPozv\u00e1nka na besedu\n\t\t\t\t<\/figcaption><\/figure>\n\t\t<\/div>\n\n","protected":false},"excerpt":{"rendered":"<p>Studenti FP TUL, uva\u017eujete o tom, \u017ee byste cht\u011bli pom\u00e1hat jako dobrovoln\u00edci? P\u0159ij\u010fte se pod\u00edvat na besedu, kter\u00e1 se na<\/p>\n","protected":false},"author":20,"featured_media":3342,"comment_status":"closed","ping_status":"closed","sticky":false,"template":"","format":"standard","meta":{"om_disable_all_campaigns":false,"_monsterinsights_skip_tracking":false,"_monsterinsights_sitenote_active":false,"_monsterinsights_sitenote_note":"","_monsterinsights_sitenote_category":0,"footnotes":""},"categories":[5],"tags":[],"aioseo_notices":[],"_links":{"self":[{"href":"https:\/\/lk.regionalnidobrovolnickecentrum.cz\/subdom\/lk\/wp-json\/wp\/v2\/posts\/3337"}],"collection":[{"href":"https:\/\/lk.regionalnidobrovolnickecentrum.cz\/subdom\/lk\/wp-json\/wp\/v2\/posts"}],"about":[{"href":"https:\/\/lk.regionalnidobrovolnickecentrum.cz\/subdom\/lk\/wp-json\/wp\/v2\/types\/post"}],"author":[{"embeddable":true,"href":"https:\/\/lk.regionalnidobrovolnickecentrum.cz\/subdom\/lk\/wp-json\/wp\/v2\/users\/20"}],"replies":[{"embeddable":true,"href":"https:\/\/lk.regionalnidobrovolnickecentrum.cz\/subdom\/lk\/wp-json\/wp\/v2\/comments?post=3337"}],"version-history":[{"count":2,"href":"https:\/\/lk.regionalnidobrovolnickecentrum.cz\/subdom\/lk\/wp-json\/wp\/v2\/posts\/3337\/revisions"}],"predecessor-version":[{"id":3341,"href":"https:\/\/lk.regionalnidobrovolnickecentrum.cz\/subdom\/lk\/wp-json\/wp\/v2\/posts\/3337\/revisions\/3341"}],"wp:featuredmedia":[{"embeddable":true,"href":"https:\/\/lk.regionalnidobrovolnickecentrum.cz\/subdom\/lk\/wp-json\/wp\/v2\/media\/3342"}],"wp:attachment":[{"href":"https:\/\/lk.regionalnidobrovolnickecentrum.cz\/subdom\/lk\/wp-json\/wp\/v2\/media?parent=3337"}],"wp:term":[{"taxonomy":"category","embeddable":true,"href":"https:\/\/lk.regionalnidobrovolnickecentrum.cz\/subdom\/lk\/wp-json\/wp\/v2\/categories?post=3337"},{"taxonomy":"post_tag","embeddable":true,"href":"https:\/\/lk.regionalnidobrovolnickecentrum.cz\/subdom\/lk\/wp-json\/wp\/v2\/tags?post=3337"}],"curies":[{"name":"wp","href":"https:\/\/api.w.org\/{rel}","templated":true}]}}