{"id":3355,"date":"2024-03-17T19:21:32","date_gmt":"2024-03-17T18:21:32","guid":{"rendered":"https:\/\/lk.regionalnidobrovolnickecentrum.cz\/subdom\/lk\/?p=3355"},"modified":"2024-03-25T14:54:47","modified_gmt":"2024-03-25T13:54:47","slug":"navrh-koncepce-rozvoje-dobrovolnictvi-na-leta-2024-2030","status":"publish","type":"post","link":"https:\/\/lk.regionalnidobrovolnickecentrum.cz\/subdom\/lk\/navrh-koncepce-rozvoje-dobrovolnictvi-na-leta-2024-2030\/","title":{"rendered":"N\u00e1vrh koncepce rozvoje dobrovolnictv\u00ed na l\u00e9ta 2024 \u2013 2030"},"content":{"rendered":"<div>\n<p>Odbor prevence kriminality Ministerstva vnitra v r\u00e1mci participativn\u00edho procesu mezi ve\u0159ejnou spr\u00e1vou a odbornou ve\u0159ejnost\u00ed spou\u0161t\u00ed ve\u0159ejn\u00e9 p\u0159ipom\u00ednkov\u00e1n\u00ed ke <strong>Koncepci Rozvoj dobrovolnictv\u00ed v \u010cesk\u00e9 republice na l\u00e9ta 2024-2030<\/strong>.<\/p>\n<p>Koncept Koncepce ur\u010den\u00fd k p\u0159ipom\u00ednkov\u00e1n\u00ed a tabulka pro zas\u00edl\u00e1n\u00ed p\u0159ipom\u00ednek na email:\u00a0<a href=\"mailto:dobrovolnictvi@mvcr.cz\">dobrovolnictvi@mvcr.cz<\/a>\u00a0je ke sta\u017een\u00ed dostupn\u00fd zde:<br \/>\n&#8211;\u00a0<a title=\"Koncepce Rozvoj dobrovolnictv\u00ed v \u010cR 2024-2030\" href=\"https:\/\/www.mvcr.cz\/soubor\/koncepce-rozvoj-dobrovolnictvi-v-cr-2024-2030.aspx\">Koncepce Rozvoj dobrovolnictv\u00ed v \u010cR 2024-2030<\/a><br \/>\n&#8211;\u00a0<a title=\"Zpracov\u00e1n\u00ed p\u0159ipom\u00ednek Koncepce Rozvoje Dobrovolnictv\u00ed \u010cR 2024-2030\" href=\"https:\/\/www.mvcr.cz\/soubor\/zpracovani-pripominek-koncepce-rozvoje-dobrovolnictvi-cr-2024-2030.aspx\">Zpracov\u00e1n\u00ed p\u0159ipom\u00ednek Koncepce<\/a><\/p>\n<\/div>\n<div class=\"x_elementToProof\">Ve\u0159ejn\u00e9 p\u0159ipom\u00ednkov\u00e1n\u00ed je otev\u0159en\u00e9 do 10. dubna 2024.<\/div>\n<div><img loading=\"lazy\" decoding=\"async\" class=\"size-full wp-image-3141 aligncenter\" src=\"https:\/\/lk.regionalnidobrovolnickecentrum.cz\/subdom\/lk\/wp-content\/uploads\/2023\/11\/logo-MV-CR-e1711374130575.png\" alt=\"\" width=\"268\" height=\"134\" \/><\/div>\n","protected":false},"excerpt":{"rendered":"<p>Odbor prevence kriminality Ministerstva vnitra v r\u00e1mci participativn\u00edho procesu mezi ve\u0159ejnou spr\u00e1vou a odbornou ve\u0159ejnost\u00ed spou\u0161t\u00ed ve\u0159ejn\u00e9 p\u0159ipom\u00ednkov\u00e1n\u00ed ke Koncepci<\/p>\n","protected":false},"author":20,"featured_media":2564,"comment_status":"closed","ping_status":"closed","sticky":false,"template":"","format":"standard","meta":{"om_disable_all_campaigns":false,"_monsterinsights_skip_tracking":false,"_monsterinsights_sitenote_active":false,"_monsterinsights_sitenote_note":"","_monsterinsights_sitenote_category":0,"footnotes":""},"categories":[2],"tags":[],"aioseo_notices":[],"_links":{"self":[{"href":"https:\/\/lk.regionalnidobrovolnickecentrum.cz\/subdom\/lk\/wp-json\/wp\/v2\/posts\/3355"}],"collection":[{"href":"https:\/\/lk.regionalnidobrovolnickecentrum.cz\/subdom\/lk\/wp-json\/wp\/v2\/posts"}],"about":[{"href":"https:\/\/lk.regionalnidobrovolnickecentrum.cz\/subdom\/lk\/wp-json\/wp\/v2\/types\/post"}],"author":[{"embeddable":true,"href":"https:\/\/lk.regionalnidobrovolnickecentrum.cz\/subdom\/lk\/wp-json\/wp\/v2\/users\/20"}],"replies":[{"embeddable":true,"href":"https:\/\/lk.regionalnidobrovolnickecentrum.cz\/subdom\/lk\/wp-json\/wp\/v2\/comments?post=3355"}],"version-history":[{"count":3,"href":"https:\/\/lk.regionalnidobrovolnickecentrum.cz\/subdom\/lk\/wp-json\/wp\/v2\/posts\/3355\/revisions"}],"predecessor-version":[{"id":3371,"href":"https:\/\/lk.regionalnidobrovolnickecentrum.cz\/subdom\/lk\/wp-json\/wp\/v2\/posts\/3355\/revisions\/3371"}],"wp:featuredmedia":[{"embeddable":true,"href":"https:\/\/lk.regionalnidobrovolnickecentrum.cz\/subdom\/lk\/wp-json\/wp\/v2\/media\/2564"}],"wp:attachment":[{"href":"https:\/\/lk.regionalnidobrovolnickecentrum.cz\/subdom\/lk\/wp-json\/wp\/v2\/media?parent=3355"}],"wp:term":[{"taxonomy":"category","embeddable":true,"href":"https:\/\/lk.regionalnidobrovolnickecentrum.cz\/subdom\/lk\/wp-json\/wp\/v2\/categories?post=3355"},{"taxonomy":"post_tag","embeddable":true,"href":"https:\/\/lk.regionalnidobrovolnickecentrum.cz\/subdom\/lk\/wp-json\/wp\/v2\/tags?post=3355"}],"curies":[{"name":"wp","href":"https:\/\/api.w.org\/{rel}","templated":true}]}}