{"id":3423,"date":"2024-05-16T13:50:20","date_gmt":"2024-05-16T11:50:20","guid":{"rendered":"https:\/\/lk.regionalnidobrovolnickecentrum.cz\/subdom\/lk\/?p=3423"},"modified":"2024-05-17T10:23:29","modified_gmt":"2024-05-17T08:23:29","slug":"uklidme-jizerky-18-19-5-2024","status":"publish","type":"post","link":"https:\/\/lk.regionalnidobrovolnickecentrum.cz\/subdom\/lk\/uklidme-jizerky-18-19-5-2024\/","title":{"rendered":"Ukli\u010fme Jizerky: 18.-19.5.2024!"},"content":{"rendered":"<p>Tento v\u00edkend se op\u011bt kon\u00e1 akce pod n\u00e1zvem Ukli\u010fme Jizerky, tradi\u010dn\u00ed \u00faklid kolem turistick\u00fdch cest Jizersk\u00fdch hor, a kon\u00e1 se 18.-19.5.2024. D\u00edky dobrovoln\u00edk\u016fm zmiz\u00ed z turistick\u00fdch cest v hor\u00e1ch velk\u00e9 mno\u017estv\u00ed odpadk\u016f, kter\u00e9 tu zanechali neuk\u00e1zn\u011bn\u00ed n\u00e1v\u0161t\u011bvn\u00edci. V\u00fdjimkou nejsou ani odhalen\u00e9 \u010dern\u00e9 skl\u00e1dky.<!--more--><\/p>\n<p>Tuto akci organizuje <a href=\"https:\/\/projizerky.cz\/\">Spole\u010dnost pro Jizersk\u00e9 hory<\/a>.<\/p>\n<h4>Jak se zapojit?<\/h4>\n<p>Vyrazte na v\u00fdlet a po cest\u011b sb\u00edrejte odpadky. A\u017e je neunesete, zanechte je na dob\u0159e viditeln\u00e9m a dostupn\u00e9m m\u00edst\u011b. Jejich polohu n\u00e1m nahlaste na tel.: 739 375 658 nebo mail: sefl@projizerky.org<\/p>\n<p>Dobrovoln\u00edci si mohou v informa\u010dn\u00edch centrech v Bed\u0159ichov\u011b, Jablonci n. N., Tanvaldu a tak\u00e9 na Spr\u00e1v\u011b CHKO Jizersk\u00e9 hory v Liberci vyzvednout pytle na odpad, jednor\u00e1zov\u00e9 rukavice a podrobn\u00e9 instrukce.<\/p>\n<p>&nbsp;<\/p>\n<div id='gallery-1' class='gallery galleryid-3423 gallery-columns-3 gallery-size-colormag-featured-image'><figure class='gallery-item'>\n\t\t\t<div class='gallery-icon portrait'>\n\t\t\t\t<a href='https:\/\/lk.regionalnidobrovolnickecentrum.cz\/subdom\/lk\/uklidme-jizerky-18-19-5-2024\/uklidme-jizerky\/'><img loading=\"lazy\" decoding=\"async\" width=\"483\" height=\"445\" src=\"https:\/\/lk.regionalnidobrovolnickecentrum.cz\/subdom\/lk\/wp-content\/uploads\/2024\/05\/uklidme-jizerky-483x445.jpg\" class=\"attachment-colormag-featured-image size-colormag-featured-image\" alt=\"\" \/><\/a>\n\t\t\t<\/div><\/figure>\n\t\t<\/div>\n\n","protected":false},"excerpt":{"rendered":"<p>Tento v\u00edkend se op\u011bt kon\u00e1 akce pod n\u00e1zvem Ukli\u010fme Jizerky, tradi\u010dn\u00ed \u00faklid kolem turistick\u00fdch cest Jizersk\u00fdch hor, a kon\u00e1 se<\/p>\n","protected":false},"author":20,"featured_media":3425,"comment_status":"closed","ping_status":"closed","sticky":false,"template":"","format":"standard","meta":{"om_disable_all_campaigns":false,"_monsterinsights_skip_tracking":false,"_monsterinsights_sitenote_active":false,"_monsterinsights_sitenote_note":"","_monsterinsights_sitenote_category":0,"footnotes":""},"categories":[2],"tags":[],"aioseo_notices":[],"_links":{"self":[{"href":"https:\/\/lk.regionalnidobrovolnickecentrum.cz\/subdom\/lk\/wp-json\/wp\/v2\/posts\/3423"}],"collection":[{"href":"https:\/\/lk.regionalnidobrovolnickecentrum.cz\/subdom\/lk\/wp-json\/wp\/v2\/posts"}],"about":[{"href":"https:\/\/lk.regionalnidobrovolnickecentrum.cz\/subdom\/lk\/wp-json\/wp\/v2\/types\/post"}],"author":[{"embeddable":true,"href":"https:\/\/lk.regionalnidobrovolnickecentrum.cz\/subdom\/lk\/wp-json\/wp\/v2\/users\/20"}],"replies":[{"embeddable":true,"href":"https:\/\/lk.regionalnidobrovolnickecentrum.cz\/subdom\/lk\/wp-json\/wp\/v2\/comments?post=3423"}],"version-history":[{"count":2,"href":"https:\/\/lk.regionalnidobrovolnickecentrum.cz\/subdom\/lk\/wp-json\/wp\/v2\/posts\/3423\/revisions"}],"predecessor-version":[{"id":3432,"href":"https:\/\/lk.regionalnidobrovolnickecentrum.cz\/subdom\/lk\/wp-json\/wp\/v2\/posts\/3423\/revisions\/3432"}],"wp:featuredmedia":[{"embeddable":true,"href":"https:\/\/lk.regionalnidobrovolnickecentrum.cz\/subdom\/lk\/wp-json\/wp\/v2\/media\/3425"}],"wp:attachment":[{"href":"https:\/\/lk.regionalnidobrovolnickecentrum.cz\/subdom\/lk\/wp-json\/wp\/v2\/media?parent=3423"}],"wp:term":[{"taxonomy":"category","embeddable":true,"href":"https:\/\/lk.regionalnidobrovolnickecentrum.cz\/subdom\/lk\/wp-json\/wp\/v2\/categories?post=3423"},{"taxonomy":"post_tag","embeddable":true,"href":"https:\/\/lk.regionalnidobrovolnickecentrum.cz\/subdom\/lk\/wp-json\/wp\/v2\/tags?post=3423"}],"curies":[{"name":"wp","href":"https:\/\/api.w.org\/{rel}","templated":true}]}}