{"id":3453,"date":"2024-06-28T13:46:58","date_gmt":"2024-06-28T11:46:58","guid":{"rendered":"https:\/\/lk.regionalnidobrovolnickecentrum.cz\/subdom\/lk\/?p=3453"},"modified":"2024-06-28T13:55:31","modified_gmt":"2024-06-28T11:55:31","slug":"bez-naroku-na-odmenu-pomaha-kazdy-paty","status":"publish","type":"post","link":"https:\/\/lk.regionalnidobrovolnickecentrum.cz\/subdom\/lk\/bez-naroku-na-odmenu-pomaha-kazdy-paty\/","title":{"rendered":"Bez n\u00e1roku na odm\u011bnu pom\u00e1h\u00e1 ka\u017ed\u00fd p\u00e1t\u00fd"},"content":{"rendered":"<p style=\"font-weight: var(--gov-text-m-font-weight);\"><strong>Ve druh\u00e9 polovin\u011b roku 2023 provedl \u010cesk\u00fd statistick\u00fd \u00fa\u0159ad \u0161et\u0159en\u00ed, kter\u00e9 poskytlo informace o zapojen\u00ed obyvatel \u010ceska do dobrovolnick\u00fdch \u010dinnost\u00ed. Krom\u011b z\u00e1kladn\u00edho \u010dlen\u011bn\u00ed dobrovoln\u00edk\u016f podle v\u011bku, vzd\u011bl\u00e1n\u00ed a ekonomick\u00e9 aktivity p\u0159ineslo tak\u00e9 informace o organizovan\u00e9m a neorganizovan\u00e9m dobrovolnictv\u00ed, o m\u00edstu v\u00fdkonu dobrovolnick\u00e9 \u010dinnosti \u010di o jejich zam\u011b\u0159en\u00ed.<\/strong><!--more--><\/p>\n<p style=\"font-weight: var(--gov-text-m-font-weight);\">M\u00edra dobrovolnictv\u00ed ve 2. pololet\u00ed roku 2023 dos\u00e1hla hodnoty 19,2 %, p\u0159i\u010dem\u017e vy\u0161\u0161\u00ed m\u00edru dobrovolnictv\u00ed m\u011bly \u017eeny (21,4 %). Mu\u017ei sice s m\u00edrou dobrovolnictv\u00ed (16,9 %) za \u017eenami m\u00edrn\u011b zaost\u00e1vali, ale v\u011bnovali dobrovolnictv\u00ed v\u011bt\u0161\u00ed \u00fahrn hodin.<\/p>\n<p style=\"font-weight: var(--gov-text-m-font-weight);\">Dobrovoln\u00edci nej\u010dast\u011bji pom\u00e1hali p\u0159\u00e1tel\u016fm, soused\u016fm nebo nezn\u00e1m\u00fdm lidem (33,8 %), p\u0159\u00edpadn\u011b n\u011bjak\u00e9 organizaci (33,2 %). Dobrovolnictv\u00ed prob\u00edhalo nej\u010dast\u011bji v m\u00edst\u011b bydli\u0161t\u011b (85,7 %).<\/p>\n<p style=\"font-weight: var(--gov-text-m-font-weight);\">Mezi dobrovoln\u00edky p\u0159eva\u017eovalo organizovan\u00e9 dobrovolnictv\u00ed (56,6 %), dobrovolnick\u00e1 \u010dinnost byla nej\u010dast\u011bji zam\u011b\u0159ena na rozvoj obce, komunit a sousedskou v\u00fdpomoc (23,7 %) a soci\u00e1ln\u00ed p\u00e9\u010di (23,5 %).<\/p>\n<p style=\"font-weight: var(--gov-text-m-font-weight);\">D\u016fvodem k dobrovolnictv\u00ed bylo nej\u010dast\u011bji p\u0159esv\u011bd\u010den\u00ed a v\u00edra v hodnoty, kter\u00e9 podporuje dan\u00e1 skupina nebo organizace (29,8 %), p\u0159\u00edpadn\u011b to, \u017ee dobrovoln\u00edk chce b\u00fdt s ostatn\u00edmi lidmi, s p\u0159\u00e1teli, \u010di n\u00e1sleduje jejich p\u0159\u00edklad (29,2 %).<\/p>\n<p style=\"font-weight: var(--gov-text-m-font-weight);\">Detailn\u00ed pohled na dobrovolnictv\u00ed v\u00a0\u010cesku p\u0159in\u00e1\u0161\u00ed anal\u00fdza\u00a0<a href=\"https:\/\/csu.gov.cz\/produkty\/dobrovolnictvi-v-cr-2023\"><em>Dobrovolnictv\u00ed v \u010cR 2023<\/em><\/a>\u00a0a tak\u00e9\u00a0<a href=\"https:\/\/csu.gov.cz\/docs\/107508\/79953914-366f-1e79-8654-26470d309b13\/csu_dobrovolnictvi_v_cr_2p2023.pdf\">prezentace<\/a>\u00a0\u010cS\u00da z\u00a0tematick\u00e9 tiskov\u00e9 konference.<\/p>\n<p style=\"font-weight: var(--gov-text-m-font-weight);\">\u0160et\u0159en\u00ed bylo nav\u00e1z\u00e1no na V\u00fdb\u011brov\u00e9 \u0161et\u0159en\u00ed pracovn\u00edch sil. Zji\u0161\u0165ov\u00e1n\u00ed prob\u011bhlo z iniciativy \u00da\u0159adu vl\u00e1dy, financovalo jej Ministerstvo vnitra a tazatel\u00e9 p\u0159i n\u011bm ve v\u0161ech kraj\u00edch \u010cR oslovili respondenty ve v\u011bku 15 a v\u00edce let. Definice dobrovolnictv\u00ed pro \u0161et\u0159en\u00ed vych\u00e1zela z definice dobrovolnictv\u00ed stanoven\u00e9 Mezin\u00e1rodn\u00ed organizac\u00ed pr\u00e1ce (ILO).<\/p>\n<p style=\"font-weight: var(--gov-text-m-font-weight);\"><strong>Kontakt:<\/strong><br \/>\nJan Cieslar<br \/>\ntiskov\u00fd mluv\u010d\u00ed \u010cS\u00da<br \/>\nT\u00a0274 052\u00a0017\u00a0|\u00a0M\u00a0604\u00a0149\u00a0190<br \/>\nE\u00a0<a href=\"mailto:jan.cieslar@csu.gov.cz\">jan.cieslar@csu.gov.cz<\/a>\u00a0|\u00a0X\u00a0@statistickyurad<\/p>\n","protected":false},"excerpt":{"rendered":"<p>Ve druh\u00e9 polovin\u011b roku 2023 provedl \u010cesk\u00fd statistick\u00fd \u00fa\u0159ad \u0161et\u0159en\u00ed, kter\u00e9 poskytlo informace o zapojen\u00ed obyvatel \u010ceska do dobrovolnick\u00fdch \u010dinnost\u00ed.<\/p>\n","protected":false},"author":20,"featured_media":3111,"comment_status":"closed","ping_status":"closed","sticky":false,"template":"","format":"standard","meta":{"om_disable_all_campaigns":false,"_monsterinsights_skip_tracking":false,"_monsterinsights_sitenote_active":false,"_monsterinsights_sitenote_note":"","_monsterinsights_sitenote_category":0,"footnotes":""},"categories":[2],"tags":[],"aioseo_notices":[],"_links":{"self":[{"href":"https:\/\/lk.regionalnidobrovolnickecentrum.cz\/subdom\/lk\/wp-json\/wp\/v2\/posts\/3453"}],"collection":[{"href":"https:\/\/lk.regionalnidobrovolnickecentrum.cz\/subdom\/lk\/wp-json\/wp\/v2\/posts"}],"about":[{"href":"https:\/\/lk.regionalnidobrovolnickecentrum.cz\/subdom\/lk\/wp-json\/wp\/v2\/types\/post"}],"author":[{"embeddable":true,"href":"https:\/\/lk.regionalnidobrovolnickecentrum.cz\/subdom\/lk\/wp-json\/wp\/v2\/users\/20"}],"replies":[{"embeddable":true,"href":"https:\/\/lk.regionalnidobrovolnickecentrum.cz\/subdom\/lk\/wp-json\/wp\/v2\/comments?post=3453"}],"version-history":[{"count":3,"href":"https:\/\/lk.regionalnidobrovolnickecentrum.cz\/subdom\/lk\/wp-json\/wp\/v2\/posts\/3453\/revisions"}],"predecessor-version":[{"id":3457,"href":"https:\/\/lk.regionalnidobrovolnickecentrum.cz\/subdom\/lk\/wp-json\/wp\/v2\/posts\/3453\/revisions\/3457"}],"wp:featuredmedia":[{"embeddable":true,"href":"https:\/\/lk.regionalnidobrovolnickecentrum.cz\/subdom\/lk\/wp-json\/wp\/v2\/media\/3111"}],"wp:attachment":[{"href":"https:\/\/lk.regionalnidobrovolnickecentrum.cz\/subdom\/lk\/wp-json\/wp\/v2\/media?parent=3453"}],"wp:term":[{"taxonomy":"category","embeddable":true,"href":"https:\/\/lk.regionalnidobrovolnickecentrum.cz\/subdom\/lk\/wp-json\/wp\/v2\/categories?post=3453"},{"taxonomy":"post_tag","embeddable":true,"href":"https:\/\/lk.regionalnidobrovolnickecentrum.cz\/subdom\/lk\/wp-json\/wp\/v2\/tags?post=3453"}],"curies":[{"name":"wp","href":"https:\/\/api.w.org\/{rel}","templated":true}]}}