{"id":3458,"date":"2024-07-02T13:56:42","date_gmt":"2024-07-02T11:56:42","guid":{"rendered":"https:\/\/lk.regionalnidobrovolnickecentrum.cz\/subdom\/lk\/?p=3458"},"modified":"2024-07-11T09:32:10","modified_gmt":"2024-07-11T07:32:10","slug":"pripravujeme-novou-kampan-na-podporu-dobrovolnictvi","status":"publish","type":"post","link":"https:\/\/lk.regionalnidobrovolnickecentrum.cz\/subdom\/lk\/pripravujeme-novou-kampan-na-podporu-dobrovolnictvi\/","title":{"rendered":"P\u0159ipravujeme novou kampa\u0148 na podporu dobrovolnictv\u00ed"},"content":{"rendered":"<p><strong>V \u00fater\u00fd 18. \u010dervna 2024 se na spole\u010dn\u00e9 pracovn\u00ed sn\u00eddani v prostor\u00e1ch Region\u00e1ln\u00edho dobrovolnick\u00e9ho centra Libereck\u00e9ho kraje se\u0161li koordin\u00e1to\u0159i dobrovoln\u00edk\u016f z patn\u00e1cti neziskov\u00fdch organizac\u00ed pracuj\u00edc\u00edch na \u00fazem\u00ed kraje.<\/strong><!--more--><\/p>\n<p><img loading=\"lazy\" decoding=\"async\" class=\"size-medium wp-image-3461 alignleft\" src=\"https:\/\/lk.regionalnidobrovolnickecentrum.cz\/subdom\/lk\/wp-content\/uploads\/2024\/06\/Grabstejn-FEST-300x169.jpg\" alt=\"\" width=\"300\" height=\"169\" srcset=\"https:\/\/lk.regionalnidobrovolnickecentrum.cz\/subdom\/lk\/wp-content\/uploads\/2024\/06\/Grabstejn-FEST-300x169.jpg 300w, https:\/\/lk.regionalnidobrovolnickecentrum.cz\/subdom\/lk\/wp-content\/uploads\/2024\/06\/Grabstejn-FEST-1024x577.jpg 1024w, https:\/\/lk.regionalnidobrovolnickecentrum.cz\/subdom\/lk\/wp-content\/uploads\/2024\/06\/Grabstejn-FEST-768x432.jpg 768w, https:\/\/lk.regionalnidobrovolnickecentrum.cz\/subdom\/lk\/wp-content\/uploads\/2024\/06\/Grabstejn-FEST-1536x865.jpg 1536w, https:\/\/lk.regionalnidobrovolnickecentrum.cz\/subdom\/lk\/wp-content\/uploads\/2024\/06\/Grabstejn-FEST.jpg 2000w\" sizes=\"(max-width: 300px) 100vw, 300px\" \/><\/p>\n<p>Zastoupeny byly organizace pe\u010duj\u00edc\u00ed o p\u0159\u00edrodu jako je <a href=\"https:\/\/www.cmelak.cz\/\">\u010cmel\u00e1k<\/a> a <a href=\"https:\/\/www.nadaceivanadejmala.cz\/\">Nadace Ivana Dejmala pro ochranu p\u0159\u00edrody<\/a>, organizace podporuj\u00edc\u00ed nemocn\u00e9 \u2013 <a href=\"https:\/\/www.hospiczdislavy.cz\/\">Hospic sv. Zdislavy<\/a> \u010di Dobrovolnick\u00e9 centrum p\u0159i KNL <a href=\"https:\/\/www.nemlib.cz\/dobromysl\/\">Dobromysl<\/a>, organizace pracuj\u00edc\u00ed v soci\u00e1ln\u00ed oblasti jako nap\u0159\u00edklad <a href=\"https:\/\/www.clovekvtisni.cz\/co-delame\/socialni-prace-v-cr\/liberecky-kraj\">\u010clov\u011bk v t\u00edsni<\/a> nebo <a href=\"https:\/\/www.integracnicentra.cz\/liberecky-kraj\/\">Centrum pro integraci cizinc\u016f<\/a> a mnoho dal\u0161\u00edch organizac\u00ed, nechyb\u011bli ani z\u00e1stupci <a href=\"https:\/\/ksk-liberec.cz\/\">Komunitn\u00edho centra Kontakt<\/a>, <a href=\"http:\/\/www.annolk.cz\/\">Asociace nest\u00e1tn\u00edch neziskov\u00fdch organizac\u00ed Libereck\u00e9ho kraje<\/a> a <a href=\"https:\/\/lk.regionalnidobrovolnickecentrum.cz\/subdom\/lk\/\">Region\u00e1ln\u00edho dobrovolnick\u00e9ho centra Libereck\u00e9ho kraje.<\/a><\/p>\n<p><img loading=\"lazy\" decoding=\"async\" class=\"size-medium wp-image-3462 alignright\" src=\"https:\/\/lk.regionalnidobrovolnickecentrum.cz\/subdom\/lk\/wp-content\/uploads\/2024\/06\/dobrovolnictvi-LK-2-300x200.jpg\" alt=\"\" width=\"300\" height=\"200\" srcset=\"https:\/\/lk.regionalnidobrovolnickecentrum.cz\/subdom\/lk\/wp-content\/uploads\/2024\/06\/dobrovolnictvi-LK-2-300x200.jpg 300w, https:\/\/lk.regionalnidobrovolnickecentrum.cz\/subdom\/lk\/wp-content\/uploads\/2024\/06\/dobrovolnictvi-LK-2-1024x683.jpg 1024w, https:\/\/lk.regionalnidobrovolnickecentrum.cz\/subdom\/lk\/wp-content\/uploads\/2024\/06\/dobrovolnictvi-LK-2-768x512.jpg 768w, https:\/\/lk.regionalnidobrovolnickecentrum.cz\/subdom\/lk\/wp-content\/uploads\/2024\/06\/dobrovolnictvi-LK-2.jpg 1200w\" sizes=\"(max-width: 300px) 100vw, 300px\" \/><\/p>\n<p>T\u00e9matem setk\u00e1n\u00ed byla p\u0159edev\u0161\u00edm p\u0159ipravovan\u00e1 spole\u010dn\u00e1 kampa\u0148 Hled\u00e1me Tebe zam\u011b\u0159en\u00e1 na propagaci a podporu dobrovolnictv\u00ed. Tato kampa\u0148 prob\u00edhala v roce 2022 v ZOO Liberec a v roce 2023 na festivalu Grab\u0161tejn fest na hrad\u011b Grab\u0161tejn. V roce 2024 chceme pro podporu dobrovolnictv\u00ed vyu\u017e\u00edt dopravn\u00ed prost\u0159edky, konkr\u00e9tn\u011b tramvaje, a to jak v m\u011bst\u011b Liberec, tak tak\u00e9 tramvaj jezd\u00edc\u00ed mezi Libercem a Jabloncem. 11. a 12. \u0159\u00edjna 2024 bude kampa\u0148 prob\u00edhat kontaktn\u011b p\u0159\u00edmo v dopravn\u00edch prost\u0159edc\u00edch, neziskov\u00e9 organizace se budou p\u0159edstavovat i ve st\u00e1nku na Soukenn\u00e9m n\u00e1m\u011bst\u00ed. Kampa\u0148 bude prezentov\u00e1na tak\u00e9 na polepu na jedn\u00e9 libereck\u00e9 tramvaji, a to po dobu \u0161esti m\u011bs\u00edc\u016f.<\/p>\n<p>&nbsp;<\/p>\n<p>V\u011b\u0159\u00edme, \u017ee se n\u00e1m poda\u0159\u00ed spole\u010dn\u00fdmi silami my\u0161lenku dobrovolnictv\u00ed podpo\u0159it a je\u0161t\u011b v\u00edce p\u0159edstavit ve\u0159ejnosti.<\/p>\n","protected":false},"excerpt":{"rendered":"<p>V \u00fater\u00fd 18. \u010dervna 2024 se na spole\u010dn\u00e9 pracovn\u00ed sn\u00eddani v prostor\u00e1ch Region\u00e1ln\u00edho dobrovolnick\u00e9ho centra Libereck\u00e9ho kraje se\u0161li koordin\u00e1to\u0159i dobrovoln\u00edk\u016f<\/p>\n","protected":false},"author":20,"featured_media":3463,"comment_status":"closed","ping_status":"closed","sticky":false,"template":"","format":"standard","meta":{"om_disable_all_campaigns":false,"_monsterinsights_skip_tracking":false,"_monsterinsights_sitenote_active":false,"_monsterinsights_sitenote_note":"","_monsterinsights_sitenote_category":0,"footnotes":""},"categories":[5],"tags":[],"aioseo_notices":[],"_links":{"self":[{"href":"https:\/\/lk.regionalnidobrovolnickecentrum.cz\/subdom\/lk\/wp-json\/wp\/v2\/posts\/3458"}],"collection":[{"href":"https:\/\/lk.regionalnidobrovolnickecentrum.cz\/subdom\/lk\/wp-json\/wp\/v2\/posts"}],"about":[{"href":"https:\/\/lk.regionalnidobrovolnickecentrum.cz\/subdom\/lk\/wp-json\/wp\/v2\/types\/post"}],"author":[{"embeddable":true,"href":"https:\/\/lk.regionalnidobrovolnickecentrum.cz\/subdom\/lk\/wp-json\/wp\/v2\/users\/20"}],"replies":[{"embeddable":true,"href":"https:\/\/lk.regionalnidobrovolnickecentrum.cz\/subdom\/lk\/wp-json\/wp\/v2\/comments?post=3458"}],"version-history":[{"count":3,"href":"https:\/\/lk.regionalnidobrovolnickecentrum.cz\/subdom\/lk\/wp-json\/wp\/v2\/posts\/3458\/revisions"}],"predecessor-version":[{"id":3467,"href":"https:\/\/lk.regionalnidobrovolnickecentrum.cz\/subdom\/lk\/wp-json\/wp\/v2\/posts\/3458\/revisions\/3467"}],"wp:featuredmedia":[{"embeddable":true,"href":"https:\/\/lk.regionalnidobrovolnickecentrum.cz\/subdom\/lk\/wp-json\/wp\/v2\/media\/3463"}],"wp:attachment":[{"href":"https:\/\/lk.regionalnidobrovolnickecentrum.cz\/subdom\/lk\/wp-json\/wp\/v2\/media?parent=3458"}],"wp:term":[{"taxonomy":"category","embeddable":true,"href":"https:\/\/lk.regionalnidobrovolnickecentrum.cz\/subdom\/lk\/wp-json\/wp\/v2\/categories?post=3458"},{"taxonomy":"post_tag","embeddable":true,"href":"https:\/\/lk.regionalnidobrovolnickecentrum.cz\/subdom\/lk\/wp-json\/wp\/v2\/tags?post=3458"}],"curies":[{"name":"wp","href":"https:\/\/api.w.org\/{rel}","templated":true}]}}