{"id":3532,"date":"2024-09-10T13:57:53","date_gmt":"2024-09-10T11:57:53","guid":{"rendered":"https:\/\/lk.regionalnidobrovolnickecentrum.cz\/subdom\/lk\/?p=3532"},"modified":"2024-09-12T08:38:47","modified_gmt":"2024-09-12T06:38:47","slug":"ivana-hujerova-v-oblasti-nezisku-se-pohybuju-pres-30-let","status":"publish","type":"post","link":"https:\/\/lk.regionalnidobrovolnickecentrum.cz\/subdom\/lk\/ivana-hujerova-v-oblasti-nezisku-se-pohybuju-pres-30-let\/","title":{"rendered":"Ivana Hujerov\u00e1: \u201eV oblasti nezisku se pohybuju p\u0159es 30 let.&#8221;"},"content":{"rendered":"<p>Vznik tohoto rozhovoru byl pom\u011brn\u011b komplikovan\u00fd, ale nakonec byl d\u00edky trp\u011blivosti pan\u00ed Hujerov\u00e9 dokon\u010den a jsme moc r\u00e1di, \u017ee ho zde m\u016f\u017eeme publikovat. Ivana Hujerov\u00e1 je toti\u017e pozoruhodnou osobnost\u00ed Libereck\u00e9ho kraje a za svou dlouhou kari\u00e9ru v oblasti komun\u00e1ln\u00ed politiky, spr\u00e1vy Libereck\u00e9ho kraje a hlavn\u011b neziskov\u00e9ho sektoru a dobrovolnictv\u00ed na\u010derpala mnoho zku\u0161enost\u00ed. Jak u\u017e je zm\u00edn\u011bno v titulku, ve sf\u00e9\u0159e neziskov\u00e9ho sektoru se pohybuje p\u0159es 30 let. Je to b\u00fdval\u00e1 vedouc\u00ed kulturn\u00edho st\u0159ediska, radn\u00ed, zastupitelka a nyn\u00ed pracuje jako koordin\u00e1torka neziskov\u00e9ho sektoru a Projektu Zdrav\u00fd Libereck\u00fd kraj a m\u00edstn\u00ed Agenda 21.<\/p>\n<p>&nbsp;<\/p>\n<p><strong><em>M\u016f\u017eete n\u00e1m pro za\u010d\u00e1tek p\u0159ibl\u00ed\u017eit, co je program Zdrav\u00fd kraj a m\u00edstn\u00ed Agenda 21 a jestli n\u011bjak souvis\u00ed s dobrovolnictv\u00edm? <\/em><\/strong><\/p>\n<p><a href=\"https:\/\/ma21.cenia.cz\/\">M\u00edstn\u00ed Agenda 21<\/a> (MA21) je metodou \u0159\u00edzen\u00ed kvality ve\u0159ejn\u00e9 spr\u00e1vy a jej\u00edm c\u00edlem je uplatn\u011bn\u00ed princip\u016f udr\u017eiteln\u00e9ho rozvoje na m\u00edstn\u00ed a region\u00e1ln\u00ed \u00farovni.\u00a0 Libereck\u00fd kraj se v roce 2011 stal \u010dlenem N\u00e1rodn\u00ed s\u00edt\u011b Zdrav\u00fdch obc\u00ed, m\u011bst a region\u016f \u010cesk\u00e9 republiky (NSZM), kter\u00e1 je certifikov\u00e1na Sv\u011btovou zdravotnickou organizace, a od roku 2014 uplat\u0148uje MA21. Ta i Zdrav\u00fd kraj \u00a0jsou zalo\u017eeny na partnersk\u00e9 spolupr\u00e1ci kraje, ale tak\u00e9 m\u011bst, obc\u00ed, nevl\u00e1dn\u00edch organizac\u00ed i podnikatel\u016f. Aktivity m\u00ed\u0159\u00ed dovnit\u0159 \u00fa\u0159adu &#8211; kvalita strategick\u00e9ho pl\u00e1nov\u00e1n\u00ed a \u0159\u00edzen\u00ed, efektivn\u00ed nakl\u00e1d\u00e1n\u00ed s\u00a0financemi, ale zejm\u00e9na navenek \u2013 systematick\u00e9 zapojov\u00e1n\u00ed ve\u0159ejnosti, pr\u016fb\u011b\u017en\u00e1 komunikace a otev\u0159en\u00e9 sd\u00edlen\u00ed dobr\u00e9 i \u0161patn\u00e9 praxe.<\/p>\n<p><em>\u201eUdr\u017eiteln\u00fd rozvoj je zp\u016fsob \u017eivota, kter\u00fd se p\u0159ibli\u017euje ide\u00e1l\u016fm humanismu a harmonie vztah\u016f mezi \u010dlov\u011bkem a p\u0159\u00edrodou, a to v \u010dasov\u011b neomezen\u00e9m horizontu. Je zalo\u017een na v\u011bdom\u00ed odpov\u011bdnosti v\u016f\u010di dne\u0161n\u00edm i budouc\u00edm generac\u00edm a na \u00fact\u011b k \u017eiv\u00e9 i ne\u017eiv\u00e9 p\u0159\u00edrod\u011b,\u201c <\/em>\u0159ekl Josef Vavrou\u0161ek, zakladatel <a href=\"https:\/\/stuz.cz\/\">Spole\u010dnosti pro trvale udr\u017eiteln\u00fd \u017eivot<\/a>. A v tomto kontextu sem samoz\u0159ejm\u011b zapad\u00e1 i dobrovolnictv\u00ed a zapojen\u00ed dobrovolnick\u00fdch organizac\u00ed.<\/p>\n<p>V roce 2019 podpo\u0159il Kraj vznik Region\u00e1ln\u00edho dobrovolnick\u00e9ho centra (RDC) pod veden\u00edm Michala \u010can\u010d\u00edka a od t\u00e9 doby s n\u00edm \u00fazce a intenzivn\u011b spolupracuje. Podporuje akce RDC, jako jsou nap\u0159. T\u00fddny pro neziskov\u00fd sektor, kde se p\u0159edstavuje p\u0159es 40 neziskov\u00fdch organizac\u00ed,\u00a0 kulat\u00e9 stoly ve v\u0161ech okresech Libereck\u00e9ho kraje a dal\u0161\u00ed akce.<\/p>\n<p><em>\u00a0<\/em><\/p>\n<p><strong><em>T\u00edm se dost\u00e1v\u00e1me i k akci, kterou jste spole\u010dn\u011b s RDC organizovali v dubnu 2024 v r\u00e1mci Dn\u016f dobrovolnictv\u00ed.\u00a0 Na jeden den si \u00fa\u0159edn\u00edci Libereck\u00e9ho kraje vyzkou\u0161eli roli dobrovoln\u00edk\u016f v\u00a0 Jedli\u010dkov\u011b \u00fastavu v Liberci. M\u016f\u017eete akci bl\u00ed\u017ee popsat? Jak se \u00fa\u0159edn\u00edk\u016fm zku\u0161enost l\u00edbila? <\/em><\/strong><\/p>\n<p>P\u016fvodn\u011b se m\u011bla tato akce konat v jabloneck\u00e9m domov\u011b pro seniory, kde bylo v\u0161e do detailu p\u0159ipraven\u00e9 a napl\u00e1novan\u00e9. M\u011bli jsme pom\u00e1hat na zahrad\u011b, p\u0159\u00edmo v budov\u011b, v kancel\u00e1\u0159i a zapojit se do pr\u00e1ce s klienty &#8211; j\u00edt s nimi na proch\u00e1zku. Bohu\u017eel se tu akce z v\u00e1\u017en\u00fdch provozn\u00edch d\u016fvod\u016f nemohla uskute\u010dnit, a tak jsme s Michalem \u010can\u010d\u00edkem hledali alternativu a dohodli jsme se s Jedli\u010dkov\u00fdm \u00fastavem. Pan \u0159editel pojal celou akci jako osv\u011btu, tak\u017ee jsme m\u011bli mo\u017enost vid\u011bt, jak a v jak\u00e9m prost\u0159ed\u00ed klienti \u017eij\u00ed, v d\u00edln\u00e1ch jsme mohli vyr\u00e1b\u011bt, ve spole\u010densk\u00e9 m\u00edstnosti hr\u00e1t s klienty hry. Prost\u011b jsme nahl\u00e9dli do programu jednoho dne, kter\u00fd kon\u010dil spole\u010dn\u00fdm piknikem na zahrad\u011b, na kter\u00fd kolegyn\u011b z \u00fa\u0159adu napekly sladk\u00e9 i slan\u00e9 dobroty a i bu\u0159ty byly. Na hodnotic\u00edm setk\u00e1n\u00ed bylo jasn\u00e9, \u017ee z pohledu Jedli\u010dkova \u00fastavu byl \u00fa\u010del napln\u011bn \u2013 vid\u011bli jsme, pro\u017eili jsme a sami jsme se mohli zamyslet nad t\u00edm, jestli bychom tady dok\u00e1zali b\u00fdt dobrovoln\u00edkem. Ale my jsme \u010dekali, \u017ee budeme pom\u00e1hat rukama, tak\u017ee u n\u00e1s bylo trochu zklam\u00e1n\u00ed.<\/p>\n<p><strong><em>\u00a0<\/em><\/strong><\/p>\n<p><strong><em>S ohledem na toto nedorozum\u011bn\u00ed u\u017e v\u00edte, jak pojmete p\u0159\u00ed\u0161t\u00ed Dny dobrovolnictv\u00ed? <\/em><\/strong><\/p>\n<p>M\u011bli jsme na p\u0159\u00edpravu n\u00e1hradn\u00ed akce velice m\u00e1lo \u010dasu, m\u00e1lo jsme o tom mluvili, jak s\u00a0\u0159editelem J\u00da, ale i s\u00a0kolegy. Nakonec jsme si samoz\u0159ejm\u011b v\u0161e vyjasnili a shodli jsme se, \u017ee k\u00a0nedorozum\u011bn\u00ed sice do\u0161lo, ale v\u00fdsledkem je siln\u00e1 zku\u0161enost. Veden\u00ed krajsk\u00e9ho \u00fa\u0159adu dalo dobrovolnictv\u00ed plnou podporu, tak\u017ee se nemus\u00edme soust\u0159edit v\u017edy jen na jarn\u00ed Dny dobrovolnictv\u00ed. Uplynul\u00fd rok s\u00a0RDC hodnot\u00edme v\u017edy na podzim a z\u00e1rove\u0148 pl\u00e1nujeme aktivity na rok dal\u0161\u00ed, nyn\u00ed tedy konkr\u00e9tn\u00ed p\u0159edstavu nem\u00e1me.<\/p>\n<p>&nbsp;<\/p>\n<p><strong><em>Je n\u011bjak\u00fd potenci\u00e1l v propojen\u00ed dobrovolnictv\u00ed a ve\u0159ejn\u00e9 spr\u00e1vy, konkr\u00e9tn\u011b v zapojen\u00ed\u00a0 zam\u011bstnanc\u016f krajsk\u00e9ho \u00fa\u0159adu Libereck\u00e9ho kraje a obecn\u00edch a m\u011bstsk\u00fdch \u00fa\u0159ad\u016f do dobrovolnictv\u00ed? <\/em><\/strong><\/p>\n<p><strong><em>\u00a0<\/em><\/strong>Ur\u010dit\u011b je. S dobrovolnictv\u00edm ve ve\u0159ejn\u00e9 spr\u00e1v\u011b jsem se poprv\u00e9 setkala v roce 2016, kdy v Liberci na konferenci k dobrovolnictv\u00ed o aktivit\u00e1ch na m\u011bstsk\u00e9m \u00fa\u0159adu Prachatice mluvila tehdej\u0161\u00ed m\u00edstostarostka. Letos na ja\u0159e jsme se tam vydali osobn\u011b a m\u011bli jsme mo\u017enost cel\u00fd syst\u00e9m vid\u011bt v praxi. Funguje spolupr\u00e1ce m\u011bsto \u2013 dobrovolnick\u00e9 centrum. Na \u00fa\u0159ad chod\u00ed konkr\u00e9tn\u00ed po\u017eadavky, ke kter\u00fdm se na z\u00e1klad\u011b v\u00fdzvy hl\u00e1s\u00ed konkr\u00e9tn\u00ed \u00fa\u0159edn\u00edci. Dobrovolnictv\u00ed ve ve\u0159ejn\u00e9 spr\u00e1v\u011b se v\u011bnuje i Kraj Vyso\u010dina. Je stejn\u011b jako Libereck\u00fd kraj \u010dlenem NSZM, spole\u010dn\u011b se setk\u00e1me na podzimn\u00ed \u0160kole Zdrav\u00fdch m\u011bst v Kop\u0159ivnici, budeme m\u00edt tedy p\u0159\u00edle\u017eitost sly\u0161et jejich zku\u0161enosti.<\/p>\n<p>Nav\u00edc byla zpracov\u00e1na Koncepce rozvoje dobrovolnictv\u00ed do roku 2030 v gesci Ministerstva vnitra. Jako Kraj jsme ofici\u00e1ln\u00edm p\u0159ipom\u00ednkov\u00fdm m\u00edstem a r\u00e1da jsem vid\u011bla, \u017ee analytick\u00e1 \u010d\u00e1st reflektuje to, o co se v Libereck\u00e9m kraji s Michalem \u010can\u010d\u00edkem sna\u017e\u00edme \u2013 \u00fazk\u00e1 partnersk\u00e1 spolupr\u00e1ce neziskov\u00e9ho sektoru s\u00a0kraji. N\u00e1vrhov\u00e1 \u010d\u00e1st pro region\u00e1ln\u00ed i m\u00edstn\u00ed \u00farove\u0148 koresponduje s\u00a0t\u00edm, co n\u00e1m z\u00a0dlouhodob\u00e9 spolupr\u00e1ce vych\u00e1z\u00ed jako pot\u0159ebn\u00e9, a tak se o koncepci budeme moci op\u0159\u00edt a uv\u00e1d\u011bt ji do praxe.<\/p>\n<p>&nbsp;<\/p>\n<p><strong><em>Pohybujete se v neziskov\u00e9m sektoru u\u017e dlouho. M\u016f\u017eete n\u00e1m \u0159\u00edct, jak se neziskov\u00fd sektor za t\u011bch 30 let prom\u011bnil? <\/em><\/strong><\/p>\n<p>Ano, pohybuju se v nezisku u\u017e od roku 1989, kdy jsem spoluzakl\u00e1dala \u010ceskoslovenskou stranu zelen\u00fdch a neziskovou organizaci \u00dasteck\u00e9 matky, kter\u00e1 se zasazovala o lep\u0161\u00ed \u017eivotn\u00ed prost\u0159ed\u00ed pro na\u0161e d\u011bti. Po p\u0159esunu do Jizersk\u00fdch hor jsem se jako \u010dlenka spolku ZVONY \u00fa\u010dastnila projektu Posilov\u00e1n\u00ed v\u016fd\u010d\u00edch schopnost\u00ed \u017een na venkov\u011b, kdy jsme se dva roky vzd\u011bl\u00e1vali v\u00a0\u010cesku, Polsku, na Slovensku a v\u00a0USA v\u00a0oblasti p\u00e9\u010de o m\u00edstn\u00ed komunitu. Byla jsem radn\u00ed, zastupitelkou a nyn\u00ed jsem \u00fa\u0159ednic\u00ed a v\u0161\u00edm, co jsem kdy d\u011blala, prol\u00ednal nest\u00e1tn\u00ed neziskov\u00fd sektor.<\/p>\n<figure id=\"attachment_3533\" aria-describedby=\"caption-attachment-3533\" style=\"width: 300px\" class=\"wp-caption alignleft\"><img loading=\"lazy\" decoding=\"async\" class=\"size-medium wp-image-3533\" src=\"https:\/\/lk.regionalnidobrovolnickecentrum.cz\/subdom\/lk\/wp-content\/uploads\/2024\/09\/Ma-vlast-231-kopie-300x200.jpg\" alt=\"V B\u0159evnovsk\u00e9m kl\u00e1\u0161te\u0159e na zah\u00e1jen\u00ed celost\u00e1tn\u00ed putovn\u00ed v\u00fdstavy M\u00e1 vlast cestami prom\u011bn, kterou po\u0159\u00e1d\u00e1 spolek Cestami prom\u011bn a kde se LK ka\u017ed\u00fd rok prezentuje. Zleva Ji\u0159\u00ed Ulvr, radn\u00ed Libereck\u00e9ho kraje, v jeho\u017e gesci jsou neziskov\u00e9 organizace a Zdrav\u00fd LK, Ivana Hujerov\u00e1 s kolegyn\u011bmi z odd\u011blen\u00ed projekt\u016f udr\u017eiteln\u00e9ho rozvoje LK (Helena Roncov\u00e1, V\u011bra Dubcov\u00e1, Pavl\u00edna Kod\u011brov\u00e1)\" width=\"300\" height=\"200\" srcset=\"https:\/\/lk.regionalnidobrovolnickecentrum.cz\/subdom\/lk\/wp-content\/uploads\/2024\/09\/Ma-vlast-231-kopie-300x200.jpg 300w, https:\/\/lk.regionalnidobrovolnickecentrum.cz\/subdom\/lk\/wp-content\/uploads\/2024\/09\/Ma-vlast-231-kopie-1024x683.jpg 1024w, https:\/\/lk.regionalnidobrovolnickecentrum.cz\/subdom\/lk\/wp-content\/uploads\/2024\/09\/Ma-vlast-231-kopie-768x512.jpg 768w, https:\/\/lk.regionalnidobrovolnickecentrum.cz\/subdom\/lk\/wp-content\/uploads\/2024\/09\/Ma-vlast-231-kopie-1536x1024.jpg 1536w, https:\/\/lk.regionalnidobrovolnickecentrum.cz\/subdom\/lk\/wp-content\/uploads\/2024\/09\/Ma-vlast-231-kopie-2048x1365.jpg 2048w\" sizes=\"(max-width: 300px) 100vw, 300px\" \/><figcaption id=\"caption-attachment-3533\" class=\"wp-caption-text\">Zleva Ji\u0159\u00ed Ulvr, radn\u00ed Libereck\u00e9ho kraje, v jeho\u017e gesci jsou neziskov\u00e9 organizace a Zdrav\u00fd LK, Ivana Hujerov\u00e1 s kolegyn\u011bmi z odd\u011blen\u00ed projekt\u016f udr\u017eiteln\u00e9ho rozvoje LK.<\/figcaption><\/figure>\n<p>Po revoluci za\u010dalo vznikat ohromn\u00e9 mno\u017estv\u00ed neziskov\u00fdch organizac\u00ed (podle statistick\u00e9ho \u00fa\u0159adu jich jen v Libereck\u00e9m kraji je p\u0159es 5500). Jak se postupn\u011b uvol\u0148ovaly pen\u00edze pro neziskov\u00fd sektor, mezi organizacemi za\u010dala nar\u016fstat rivalita. Ka\u017ed\u00e1 organizace hledala pen\u00edze nejl\u00e9pe na trvalou existenci a n\u011bkdy to byl boj o p\u0159e\u017eit\u00ed. V t\u00e9to dob\u011b p\u0159e\u017eily hlavn\u011b ty, kter\u00e9 m\u011bly \u00fasp\u011bch u nadac\u00ed a dal\u0161\u00edch don\u00e1tor\u016f. D\u00e1l \u017eily i organizace, pro kter\u00e9 byla jejich pr\u00e1ce posl\u00e1n\u00edm, tzn. m\u011bly pro ve\u0159ejnost siln\u00e9 t\u00e9ma. Vznikly zast\u0159e\u0161uj\u00edc\u00ed a podp\u016frn\u00e9 organizace jako Asociace NNO \u010cR nebo Asociace ve\u0159ejn\u011b prosp\u011b\u0161n\u00fdch organizac\u00ed, ale vzniklo tak\u00e9 F\u00f3rum d\u00e1rc\u016f \u2013 celorepublikov\u00fd spolek zast\u0159e\u0161uj\u00edc\u00ed d\u00e1rce v cel\u00e9 republice.\u00a0Postupn\u011b se neziskov\u00fd sektor v\u00fdrazn\u011b profesionalizoval a to je dob\u0159e, proto\u017ee jen tak m\u016f\u017ee b\u00fdt spolehliv\u00fdm partnerem jak pro ve\u0159ejnou spr\u00e1vu, tak pro podnikatelsk\u00fd sektor. Na druhou stranu je t\u0159eba uv\u00e9st, \u017ee u neziskov\u00e9ho sektoru si st\u00e1t objedn\u00e1v\u00e1 spoustu slu\u017eeb, kter\u00e9 s\u00e1m nen\u00ed schopen zajistit a n\u011bkdy se mu ani nechce. Ale s\u00a0financov\u00e1n\u00edm takov\u00fdch slu\u017eeb m\u00e1 st\u00e1t rok co rok pot\u00ed\u017ee \u2013 pen\u00edze pos\u00edl\u00e1 pozd\u011b a rozpo\u010dty jsou \u010dasto velmi podhodnocen\u00e9. Nevl\u00e1dn\u00ed, nest\u00e1tn\u00ed organizace jsou pro zdravou ob\u010danskou spole\u010dnost naprosto nezbytn\u00e9, a\u0165 pracuj\u00ed v\u00a0jak\u00e9koliv oblasti.<\/p>\n<p>V na\u0161em kraji te\u010f jako partner pro n\u00e1s a st\u0159echa pro NNO funguje\u00a0 <a href=\"https:\/\/lk.regionalnidobrovolnickecentrum.cz\/subdom\/lk\/\">Region\u00e1ln\u00ed dobrovolnick\u00e9 centrum LK<\/a> ve spolupr\u00e1ci s\u00a0<a href=\"http:\/\/www.annolk.cz\/\">Asociac\u00ed NNO LK<\/a>. Ty pom\u00e1haj\u00ed neziskov\u00fd sektor rozv\u00edjet, podporovat, propojovat ho s ve\u0159ejnou spr\u00e1vou a situace se t\u00edm pro n\u00e1s hodn\u011b zlep\u0161ila.<\/p>\n<p>&nbsp;<\/p>\n<p>&nbsp;<\/p>\n","protected":false},"excerpt":{"rendered":"<p>Vznik tohoto rozhovoru byl pom\u011brn\u011b komplikovan\u00fd, ale nakonec byl d\u00edky trp\u011blivosti pan\u00ed Hujerov\u00e9 dokon\u010den a jsme moc r\u00e1di, \u017ee ho<\/p>\n","protected":false},"author":20,"featured_media":3533,"comment_status":"closed","ping_status":"closed","sticky":false,"template":"","format":"standard","meta":{"om_disable_all_campaigns":false,"_monsterinsights_skip_tracking":false,"_monsterinsights_sitenote_active":false,"_monsterinsights_sitenote_note":"","_monsterinsights_sitenote_category":0,"footnotes":""},"categories":[98],"tags":[],"aioseo_notices":[],"_links":{"self":[{"href":"https:\/\/lk.regionalnidobrovolnickecentrum.cz\/subdom\/lk\/wp-json\/wp\/v2\/posts\/3532"}],"collection":[{"href":"https:\/\/lk.regionalnidobrovolnickecentrum.cz\/subdom\/lk\/wp-json\/wp\/v2\/posts"}],"about":[{"href":"https:\/\/lk.regionalnidobrovolnickecentrum.cz\/subdom\/lk\/wp-json\/wp\/v2\/types\/post"}],"author":[{"embeddable":true,"href":"https:\/\/lk.regionalnidobrovolnickecentrum.cz\/subdom\/lk\/wp-json\/wp\/v2\/users\/20"}],"replies":[{"embeddable":true,"href":"https:\/\/lk.regionalnidobrovolnickecentrum.cz\/subdom\/lk\/wp-json\/wp\/v2\/comments?post=3532"}],"version-history":[{"count":8,"href":"https:\/\/lk.regionalnidobrovolnickecentrum.cz\/subdom\/lk\/wp-json\/wp\/v2\/posts\/3532\/revisions"}],"predecessor-version":[{"id":3541,"href":"https:\/\/lk.regionalnidobrovolnickecentrum.cz\/subdom\/lk\/wp-json\/wp\/v2\/posts\/3532\/revisions\/3541"}],"wp:featuredmedia":[{"embeddable":true,"href":"https:\/\/lk.regionalnidobrovolnickecentrum.cz\/subdom\/lk\/wp-json\/wp\/v2\/media\/3533"}],"wp:attachment":[{"href":"https:\/\/lk.regionalnidobrovolnickecentrum.cz\/subdom\/lk\/wp-json\/wp\/v2\/media?parent=3532"}],"wp:term":[{"taxonomy":"category","embeddable":true,"href":"https:\/\/lk.regionalnidobrovolnickecentrum.cz\/subdom\/lk\/wp-json\/wp\/v2\/categories?post=3532"},{"taxonomy":"post_tag","embeddable":true,"href":"https:\/\/lk.regionalnidobrovolnickecentrum.cz\/subdom\/lk\/wp-json\/wp\/v2\/tags?post=3532"}],"curies":[{"name":"wp","href":"https:\/\/api.w.org\/{rel}","templated":true}]}}