{"id":3543,"date":"2024-09-17T20:00:35","date_gmt":"2024-09-17T18:00:35","guid":{"rendered":"https:\/\/lk.regionalnidobrovolnickecentrum.cz\/subdom\/lk\/?p=3543"},"modified":"2024-09-17T20:53:03","modified_gmt":"2024-09-17T18:53:03","slug":"sos-adra-povodne-v-cr-infolinka-a-prihlasovani-dobrovolniku","status":"publish","type":"post","link":"https:\/\/lk.regionalnidobrovolnickecentrum.cz\/subdom\/lk\/sos-adra-povodne-v-cr-infolinka-a-prihlasovani-dobrovolniku\/","title":{"rendered":"SOS ADRA: Povodn\u011b v \u010cR. Infolinka a p\u0159ihla\u0161ov\u00e1n\u00ed dobrovoln\u00edk\u016f"},"content":{"rendered":"<p><strong>Humanit\u00e1rn\u00ed a rozvojov\u00e1 organizace ADRA pom\u00e1h\u00e1 lidem v nouzi.<\/strong><!--more--><\/p>\n<p>Aktu\u00e1ln\u011b v souvislosti s povodn\u011bmi byla z\u0159\u00edzena <strong>infolinka<\/strong>, kam je mo\u017en\u00e9 zavolat nebo napsat, m\u00e1te-li jak\u00fdkoli dotaz.<\/p>\n<p>Ka\u017ed\u00e1 dobrovoln\u00e1 pomoc se po\u010d\u00edt\u00e1. Ji\u017e je z\u0159\u00edzen <a href=\"https:\/\/docs.google.com\/forms\/d\/e\/1FAIpQLSfOpsiiOGSYBp5-eJTc8EhkYAURRkPzrrSCDM_XfvD6z3v4Hg\/viewform?pli=1\">registra\u010dn\u00ed formul\u00e1\u0159<\/a>, kde se m\u016f\u017eete registrovat dle lokality a&nbsp;nab\u00eddky pomoci.<\/p>\n<p>V\u0161em moc d\u011bkujeme!<\/p>\n<p>&nbsp;<\/p>\n<h3 class=\"wpb-element-row-banner-title\">Informace o povodn\u00edch<\/h3>\n<div class=\"wpb-element-row-banner-description\">\n<ul>\n<li>e-mail:&nbsp;<strong>povodne@adra.cz<\/strong><\/li>\n<li>ADRA telefonn\u00ed info linka:&nbsp;<strong>739&nbsp;10&nbsp;50&nbsp;80<\/strong><\/li>\n<\/ul>\n<\/div>\n<p>&nbsp;<\/p>\n","protected":false},"excerpt":{"rendered":"<p>Aktu\u00e1ln\u011b v souvislosti s povodn\u011bmi byla z\u0159\u00edzena infolinka, kam je mo\u017en\u00e9 zavolat nebo napsat, m\u00e1te-li jak\u00fdkoli dotaz.<\/p>\n","protected":false},"author":1,"featured_media":3544,"comment_status":"closed","ping_status":"closed","sticky":false,"template":"","format":"standard","meta":{"om_disable_all_campaigns":false,"_monsterinsights_skip_tracking":false,"_monsterinsights_sitenote_active":false,"_monsterinsights_sitenote_note":"","_monsterinsights_sitenote_category":0,"footnotes":""},"categories":[2],"tags":[],"aioseo_notices":[],"_links":{"self":[{"href":"https:\/\/lk.regionalnidobrovolnickecentrum.cz\/subdom\/lk\/wp-json\/wp\/v2\/posts\/3543"}],"collection":[{"href":"https:\/\/lk.regionalnidobrovolnickecentrum.cz\/subdom\/lk\/wp-json\/wp\/v2\/posts"}],"about":[{"href":"https:\/\/lk.regionalnidobrovolnickecentrum.cz\/subdom\/lk\/wp-json\/wp\/v2\/types\/post"}],"author":[{"embeddable":true,"href":"https:\/\/lk.regionalnidobrovolnickecentrum.cz\/subdom\/lk\/wp-json\/wp\/v2\/users\/1"}],"replies":[{"embeddable":true,"href":"https:\/\/lk.regionalnidobrovolnickecentrum.cz\/subdom\/lk\/wp-json\/wp\/v2\/comments?post=3543"}],"version-history":[{"count":2,"href":"https:\/\/lk.regionalnidobrovolnickecentrum.cz\/subdom\/lk\/wp-json\/wp\/v2\/posts\/3543\/revisions"}],"predecessor-version":[{"id":3546,"href":"https:\/\/lk.regionalnidobrovolnickecentrum.cz\/subdom\/lk\/wp-json\/wp\/v2\/posts\/3543\/revisions\/3546"}],"wp:featuredmedia":[{"embeddable":true,"href":"https:\/\/lk.regionalnidobrovolnickecentrum.cz\/subdom\/lk\/wp-json\/wp\/v2\/media\/3544"}],"wp:attachment":[{"href":"https:\/\/lk.regionalnidobrovolnickecentrum.cz\/subdom\/lk\/wp-json\/wp\/v2\/media?parent=3543"}],"wp:term":[{"taxonomy":"category","embeddable":true,"href":"https:\/\/lk.regionalnidobrovolnickecentrum.cz\/subdom\/lk\/wp-json\/wp\/v2\/categories?post=3543"},{"taxonomy":"post_tag","embeddable":true,"href":"https:\/\/lk.regionalnidobrovolnickecentrum.cz\/subdom\/lk\/wp-json\/wp\/v2\/tags?post=3543"}],"curies":[{"name":"wp","href":"https:\/\/api.w.org\/{rel}","templated":true}]}}