{"id":3556,"date":"2024-09-30T09:00:15","date_gmt":"2024-09-30T07:00:15","guid":{"rendered":"https:\/\/lk.regionalnidobrovolnickecentrum.cz\/subdom\/lk\/?p=3556"},"modified":"2024-12-06T16:42:50","modified_gmt":"2024-12-06T15:42:50","slug":"kristyna-chylkova-jestli-se-chci-nekdy-s-necim-vytahovat-tak-tim-ze-jsem-dobrovolnik","status":"publish","type":"post","link":"https:\/\/lk.regionalnidobrovolnickecentrum.cz\/subdom\/lk\/kristyna-chylkova-jestli-se-chci-nekdy-s-necim-vytahovat-tak-tim-ze-jsem-dobrovolnik\/","title":{"rendered":"Krist\u00fdna Ch\u00fdlkov\u00e1: Jestli se chci n\u011bkdy n\u011b\u010d\u00edm vytahovat, tak t\u00edm, \u017ee jsem dobrovoln\u00edk."},"content":{"rendered":"<p>Tentokr\u00e1t sd\u00edl\u00edme rozhovor s dobrovolnic\u00ed Krist\u00fdnou, kter\u00e1 ji\u017e p\u016fl roku ve sv\u00e9m voln\u00e9m \u010dase dou\u010duje dva kluky z n\u00edzkoprahov\u00e9ho za\u0159\u00edzen\u00ed Klub Koule NDZM angli\u010dtinu. Tento \u010dl\u00e1nek vy\u0161el na str\u00e1nk\u00e1ch <a href=\"https:\/\/ceskalipa.charita.cz\/\">Farn\u00ed charity \u010cesk\u00e1 L\u00edpa<\/a>, kter\u00e9 t\u00edmto d\u011bkujeme za svolen\u00ed publikovat ho i na na\u0161em webu.<\/p>\n<p>Osmn\u00e1ctilet\u00e1 Krist\u00fdna Ch\u00fdlkov\u00e1 za\u010dala s dobrovolni\u010den\u00edm v dev\u00e1t\u00e9 t\u0159\u00edd\u011b z\u00e1kladn\u00ed \u0161koly, kdy vyr\u00e1\u017eela s maminkou pom\u00e1hat do st\u00e1nku Charitn\u00ed pala\u010dinky nebo na Sb\u00edrku potravin, a\u017e se v roce 2022 stala v Charit\u011b \u010cesk\u00e1 L\u00edpa dobrovoln\u00edkem roku s nejvy\u0161\u0161\u00edm po\u010dtem hodin. Aktu\u00e1ln\u011b je Krist\u00fdna studentka \u010dtvrt\u00e9ho ro\u010dn\u00edku \u010deskolipsk\u00e9 S\u0160 Kl\u00ed\u010d.<!--more--><\/p>\n<h5><b>Krist\u00fdno, jak\u00e1 je pro v\u00e1s motivace b\u00fdt dobrovoln\u00edk? Co v\u00e1m dobrovolnictv\u00ed d\u00e1v\u00e1?<\/b><\/h5>\n<p>Sama jsem jako mlad\u0161\u00ed cht\u011bla, abych m\u011bla n\u011bkoho, kdo m\u011b bude dou\u010dovat angli\u010dtinu. Proto jsem na nab\u00eddku od n\u00edzkoprahov\u00e9ho klubu zareagovala a p\u0159ihl\u00e1sila se. To pro m\u011b byla hlavn\u00ed motivace. D\u00e1t n\u011bkomu to, co jsem sama nem\u011bla. Rychle jsem pak pochopila, \u017ee nejde jen o dou\u010dov\u00e1n\u00ed. Kluci, kter\u00fd dou\u010duju, mi hrozn\u011b p\u0159irostli k srdci. Vid\u00edm ale, \u017ee se obohacujeme oboustrann\u011b. M\u00e1m r\u00e1da, kdy\u017e lidi kolem m\u011b rozkv\u00e9taj\u00ed, posouvaj\u00ed se. Kdy\u017e jsme s angli\u010dtinou za\u010dali, jedna z prvn\u00edch ot\u00e1zek byla, \u010d\u00edm byste cht\u011bli b\u00fdt. \u0158ekli, \u017ee cht\u011bj\u00ed b\u00fdt policistou a program\u00e1torem a uva\u017euj\u00ed nad t\u00edm, \u017ee p\u016fjdou na st\u0159edn\u00ed. Kdyby toho dos\u00e1hli, bylo by to \u00fa\u017easn\u00fd. Pokud je m\u016f\u017eu motivovat a pom\u00e1hat jim, pak budu r\u00e1da pokra\u010dovat. Nyn\u00ed jsem ve f\u00e1zi, \u017ee kdybych nedobrovolni\u010dila, \u017eivot by mi ned\u00e1val smysl. A v\u011b\u0159te, \u017ee se mi ob\u010das hodn\u011b nechce. Studuji, chod\u00edm do pr\u00e1ce. Ale nakonec nikdy toho \u010dasu s klukama nelituji.<\/p>\n<div class=\"cms-block-red-rounded\">\n<blockquote><p>\u201eChci moc v\u0161em pod\u011bkovat za to, co jste pro m\u00e9 syny ud\u011blali a podpo\u0159ili je v u\u010den\u00ed. Zvedli jste kluk\u016fm sebev\u011bdom\u00ed. Jste super, moc v\u00e1m je\u0161t\u011b jednou d\u011bkuji.&#8221;<\/p>\n<p><em>maminka chlapc\u016f<\/em><\/p><\/blockquote>\n<\/div>\n<h5><b>Jak se kluci stav\u00ed k dou\u010dov\u00e1n\u00ed?<\/b><\/h5>\n<p>Oba dva perfektn\u011b poslouchaj\u00ed, vn\u00edmaj\u00ed a fakt se sna\u017e\u00ed. Jsem z toho st\u00e1le p\u0159ekvapen\u00e1, proto\u017ee jsem ne\u010dekala, \u017ee je nebudu muset nutit. V\u011bt\u0161inu v\u00fduky d\u011bl\u00e1me formou hry, vyrobila jsem si v pr\u016fb\u011bhu roku vlastn\u00ed u\u010debn\u00ed pom\u016fcku, speci\u00e1ln\u00ed pap\u00edrovou rozkl\u00e1dac\u00ed tabuli s gramatikou. Z jedn\u00e9 zku\u0161enosti z\u00e1rove\u0148 v\u00edm, \u017ee pln\u00edm tak\u00e9 funkci \u010dlov\u011bka, kter\u00fd je k u\u010den\u00ed motivuje. Kdy\u017e 14 dn\u00ed dou\u010dov\u00e1n\u00ed nebylo, p\u0159inesl ten mlad\u0161\u00ed \u0161patnou zn\u00e1mku z angli\u010dtiny, jak on s\u00e1m \u0159ekl, proto\u017ee se neu\u010dil. Na druhou stranu je kr\u00e1sn\u00fd, kdy\u017e se naopak p\u0159ipravujeme na konkr\u00e9tn\u00ed test, kluci pak p\u0159inesou dobrou zn\u00e1mku. Kdy\u017e jim prost\u011b moje aktivita usnadn\u00ed v\u00fduku ve \u0161kole, tak je to naprosto \u00fa\u017easn\u00fd. Sama v\u00edm, \u017ee spoust\u011b d\u011btem angli\u010dtina d\u011bl\u00e1 probl\u00e9my a je pro n\u011b muka. Bre\u010d\u00ed kv\u016fli n\u00ed, maj\u00ed tzv. anxiety, \u00fazkosti doprov\u00e1zen\u00e9 bolest\u00ed b\u0159icha nebo kv\u016fli tomu chod\u00ed za \u0161kolu. Kdy\u017e n\u011bkomu takov\u00e9mu pom\u016f\u017eu jednou hodinou t\u00fddn\u011b a on pak nem\u00e1 probl\u00e9m ve \u0161kole a je v pohod\u011b, tak jsem \u0161\u0165astn\u00e1.<\/p>\n<p><a class=\"cms-editor-link-image is-init\" title=\"anglictina_11\" href=\"https:\/\/ceskalipa.charita.cz\/res\/archive\/010\/001337_05_029315.jpg?seek=1724923329\" data-vizus-cms-component=\"editor.link.image\" data-vizus-cms-image-id=\"29314\"><img loading=\"lazy\" decoding=\"async\" class=\"cms-editor-image cms-image-type-4 alignleft\" title=\"anglictina_11\" src=\"https:\/\/ceskalipa.charita.cz\/res\/archive\/010\/001337_04_029314.jpg?seek=1724923329\" alt=\"anglictina_11\" width=\"600\" height=\"400\" data-vizus-cms-component=\"editor.image\" data-vizus-cms-file-id=\"1337\" data-vizus-cms-image-view-id=\"29314\" data-vizus-cms-image-click-id=\"29315\" data-cmp-index=\"18\" data-cmp-observed=\"1\" data-cmp-blocked=\"0\" \/><\/a><\/p>\n<h5><b>Pamatujete na prvn\u00ed okam\u017eik, kdy jste si \u0159ekla, \u017ee p\u016fjdete nezi\u0161tn\u011b n\u011bkomu pomoci jako dobrovoln\u00edk?<\/b><\/h5>\n<p>K dobrovolni\u010den\u00ed m\u011b p\u0159ivedla mamka, soci\u00e1ln\u00ed pracovnice a tehdej\u0161\u00ed zam\u011bstnanec Charity. Motivovala m\u011b k pomoci druh\u00fdm, brala m\u011b s sebou na akce s Charitn\u00ed pala\u010dinkou nebo na sb\u00edrku potravin a ono mi to z\u016fstalo. Brala jsem to jako b\u011b\u017enou v\u011bc. Prvn\u00ed zlom p\u0159i\u0161el, kdy\u017e jsem v r\u00e1mci charitn\u00edch akc\u00ed pro d\u011bti malovala na obli\u010dej. Cht\u011bla jsem d\u0159\u00edv na um\u011bleckou \u0161kolu a tady jsem mohla spojit svou z\u00e1libu s pomoc\u00ed. A dou\u010dov\u00e1n\u00ed angli\u010dtiny v n\u00edzkoprahu, to u\u017e je opravdu moje iniciativa. Kdy\u017e nav\u00edc kolem sebe st\u00e1le \u010dast\u011bji sly\u0161\u00edm ne \u00fapln\u011b ch\u00e1pav\u00fd n\u00e1zor na dobrovolnictv\u00ed, tak si uv\u011bdomuji, jak moc je to m\u00e9 vlastn\u00ed rozhodnut\u00ed.<\/p>\n<h3><a class=\"cms-editor-link-item btn btn-default btn-gray\" title=\"M\u00e1\u0161 chvilku \u010dasu pro jin\u00e9? Sta\u0148 se dobrovoln\u00edkem.\" href=\"https:\/\/ceskalipa.charita.cz\/podporte-nas\/dobrovolnictvi\/\" target=\"_blank\" rel=\"noopener\" data-vizus-cms-component=\"editor.link.item\" data-vizus-cms-link-type=\"page\">M\u00e1\u0161 chvilku \u010dasu pro jin\u00e9? Sta\u0148 se dobrovoln\u00edkem.<\/a><\/h3>\n<h5><b>Jak se lid\u00e9 kolem v\u00e1s stav\u00ed k dobrovolnictv\u00ed?\u00a0<\/b><\/h5>\n<p>Mnoho lid\u00ed kolem m\u011b vtipkuje, pro\u010d d\u011bl\u00e1m v\u011bci zadarmo, p\u0159ijde jim to divn\u00fd. \u010casto poslouch\u00e1m, \u017ee jsem hloup\u00e1, \u017ee si za to neberu pen\u00edze. J\u00e1 si samoz\u0159ejm\u011b uv\u011bdomuju, \u017ee k \u017eivotu jsou pen\u00edze pot\u0159eba. Proto chci d\u00e1l na V\u0160 studovat finan\u010dn\u011b perspektivn\u00ed obor, abych byla schopn\u00e1 zajistit rodinu. P\u0159ijde mi, \u017ee se ale pohled na dobrovolni\u010den\u00ed v m\u00e9m okol\u00ed zm\u011bnil. P\u0159ed n\u011bkolika lety, kdy\u017e jsem byla mlad\u0161\u00ed, jsem byla za frajerku, sl\u00fdchala jsem, jak jsem hust\u00e1. J\u00e1 to ale st\u00e1le beru jako nejv\u011bt\u0161\u00ed fraje\u0159inu. Jestli se chci n\u011bkdy s n\u011b\u010d\u00edm vytahovat, tak t\u00edm, \u017ee jsem dobrovoln\u00edk. (sm\u00edch)<\/p>\n<div class=\"cms-block-red-rounded\">\n<blockquote><p>\u201eTom\u00e1\u0161ek m\u011bl od t\u0159et\u00ed t\u0159\u00eddy s nar\u016fstaj\u00edc\u00ed n\u00e1ro\u010dnost\u00ed v AJ velk\u00e9 probl\u00e9my. Od za\u010d\u00e1tku dou\u010dov\u00e1n\u00ed je u n\u011bj vid\u011bt v\u00fdrazn\u00e9 zlep\u0161en\u00ed, v hodin\u00e1ch je v\u00edce aktivn\u00ed. D\u00edky tomu, \u017ee je prob\u00edran\u00e1 l\u00e1tka na dou\u010dov\u00e1n\u00ed procvi\u010dov\u00e1na, je l\u00e9pe zafixov\u00e1na, Tom si je v hodin\u00e1ch v\u00edce jist\u00fd a reaguje. Jsem velice r\u00e1da, \u017ee dou\u010dov\u00e1n\u00ed absolvuje, proto\u017ee vid\u00edm re\u00e1lnou pomoc a pokroky, kter\u00e9 mu do b\u011b\u017en\u00e9 v\u00fduky p\u0159in\u00e1\u0161\u00ed.\u201c<\/p>\n<p><em>t\u0159\u00eddn\u00ed u\u010ditelka Mgr. Pavl\u00edna \u0160epsov\u00e1<\/em><\/p><\/blockquote>\n<\/div>\n<h5><b>Byla jste pro n\u011bkoho ve sv\u00e9m okol\u00ed inspirac\u00ed?<\/b><\/h5>\n<p>K dobrovolnictv\u00ed jsem p\u0159ivedla svou kamar\u00e1dku. M\u011bla obdob\u00ed, kdy se mnou chodila dobrovolni\u010dit. Te\u010f u\u017e se tomu nev\u011bnuje. Ale zkusila to, za to jsem r\u00e1da. Ka\u017ed\u00fd si ur\u010duje sv\u00e9 vlastn\u00ed priority. Po\u0159\u00e1d plat\u00ed, \u017ee to nejcenn\u011bj\u0161\u00ed, co \u010dlov\u011bk m\u016f\u017ee d\u00e1t, je \u010das a ten se moc lidem d\u00e1vat nechce.<\/p>\n<h5><b>M\u00e1te n\u011bjak\u00e9 momenty z va\u0161\u00ed dobrovolnick\u00e9 \u010dinnosti, kter\u00e9 si budete nav\u017edy pamatovat?<\/b><\/h5>\n<p>To jsou pro m\u011b momenty, kter\u00e9 te\u010f za\u017e\u00edv\u00e1m s klukama na angli\u010dtin\u011b, kdy\u017e se jim n\u011bco poda\u0159\u00ed a oni mi za to d\u011bkuj\u00ed. M\u00e1m je\u0161t\u011b rok do maturity. I kdy\u017e u\u017e pak nebudu m\u00edt mo\u017enost se kluk\u016fm v\u011bnovat, p\u0159esto bych je cht\u011bla podporovat na d\u00e1lku. A jednou se t\u0159eba doslechnout, \u017ee \u0161li studovat st\u0159edn\u00ed, to by bylo moc p\u011bkn\u00fd.<\/p>\n<p>&nbsp;<\/p>\n","protected":false},"excerpt":{"rendered":"<p>Tentokr\u00e1t sd\u00edl\u00edme rozhovor s dobrovolnic\u00ed Krist\u00fdnou, kter\u00e1 ji\u017e p\u016fl roku ve sv\u00e9m voln\u00e9m \u010dase dou\u010duje dva kluky z n\u00edzkoprahov\u00e9ho za\u0159\u00edzen\u00ed<\/p>\n","protected":false},"author":20,"featured_media":3559,"comment_status":"closed","ping_status":"closed","sticky":false,"template":"","format":"standard","meta":{"om_disable_all_campaigns":false,"_monsterinsights_skip_tracking":false,"_monsterinsights_sitenote_active":false,"_monsterinsights_sitenote_note":"","_monsterinsights_sitenote_category":0,"footnotes":""},"categories":[92],"tags":[],"aioseo_notices":[],"_links":{"self":[{"href":"https:\/\/lk.regionalnidobrovolnickecentrum.cz\/subdom\/lk\/wp-json\/wp\/v2\/posts\/3556"}],"collection":[{"href":"https:\/\/lk.regionalnidobrovolnickecentrum.cz\/subdom\/lk\/wp-json\/wp\/v2\/posts"}],"about":[{"href":"https:\/\/lk.regionalnidobrovolnickecentrum.cz\/subdom\/lk\/wp-json\/wp\/v2\/types\/post"}],"author":[{"embeddable":true,"href":"https:\/\/lk.regionalnidobrovolnickecentrum.cz\/subdom\/lk\/wp-json\/wp\/v2\/users\/20"}],"replies":[{"embeddable":true,"href":"https:\/\/lk.regionalnidobrovolnickecentrum.cz\/subdom\/lk\/wp-json\/wp\/v2\/comments?post=3556"}],"version-history":[{"count":6,"href":"https:\/\/lk.regionalnidobrovolnickecentrum.cz\/subdom\/lk\/wp-json\/wp\/v2\/posts\/3556\/revisions"}],"predecessor-version":[{"id":3650,"href":"https:\/\/lk.regionalnidobrovolnickecentrum.cz\/subdom\/lk\/wp-json\/wp\/v2\/posts\/3556\/revisions\/3650"}],"wp:featuredmedia":[{"embeddable":true,"href":"https:\/\/lk.regionalnidobrovolnickecentrum.cz\/subdom\/lk\/wp-json\/wp\/v2\/media\/3559"}],"wp:attachment":[{"href":"https:\/\/lk.regionalnidobrovolnickecentrum.cz\/subdom\/lk\/wp-json\/wp\/v2\/media?parent=3556"}],"wp:term":[{"taxonomy":"category","embeddable":true,"href":"https:\/\/lk.regionalnidobrovolnickecentrum.cz\/subdom\/lk\/wp-json\/wp\/v2\/categories?post=3556"},{"taxonomy":"post_tag","embeddable":true,"href":"https:\/\/lk.regionalnidobrovolnickecentrum.cz\/subdom\/lk\/wp-json\/wp\/v2\/tags?post=3556"}],"curies":[{"name":"wp","href":"https:\/\/api.w.org\/{rel}","templated":true}]}}