{"id":3565,"date":"2024-10-02T17:53:30","date_gmt":"2024-10-02T15:53:30","guid":{"rendered":"https:\/\/lk.regionalnidobrovolnickecentrum.cz\/subdom\/lk\/?p=3565"},"modified":"2024-10-02T17:55:21","modified_gmt":"2024-10-02T15:55:21","slug":"tramvaj-plna-pomoci-nastupte-s-nami","status":"publish","type":"post","link":"https:\/\/lk.regionalnidobrovolnickecentrum.cz\/subdom\/lk\/tramvaj-plna-pomoci-nastupte-s-nami\/","title":{"rendered":"Tramvaj pln\u00e1 pomoci: nastupte s n\u00e1mi!"},"content":{"rendered":"<p>Bl\u00ed\u017e\u00ed se hlavn\u00ed \u010d\u00e1st kampan\u011b na podporu dobrovolnictv\u00ed v Libereck\u00e9m kraji, kterou jsme ji\u017e p\u0159edstavili v <a href=\"https:\/\/lk.regionalnidobrovolnickecentrum.cz\/subdom\/lk\/dobrovolnictvi-je-radost-zapojte-se-i-vy\/\">minul\u00e9m \u010dl\u00e1nk<\/a>u.<\/p>\n<h6>Historick\u00e1 tramvaj zdarma a\u00a0setk\u00e1n\u00ed s\u00a0dobrovoln\u00edky<\/h6>\n<p>Hlavn\u00ed \u010d\u00e1st kampan\u011b se uskute\u010dn\u00ed <strong>ve dnech 11.\u00a0a\u00a012.\u00a0\u0159\u00edjna 2024<\/strong>. <strong>V\u00a0p\u00e1tek 11.\u00a0\u0159\u00edjna<\/strong> bude po\u00a0cel\u00fd den jezdit <strong>historick\u00e1 tramvaj po\u00a0Liberci zdarma<\/strong>. Uvnit\u0159 tramvaje budou p\u0159ipraveni z\u00e1stupci <a href=\"https:\/\/lk.regionalnidobrovolnickecentrum.cz\/subdom\/lk\/\">Region\u00e1ln\u00edho dobrovolnick\u00e9ho centra<\/a> a\u00a0dal\u0161\u00edch neziskov\u00fdch organizac\u00ed, kte\u0159\u00ed z\u00e1jemc\u016fm p\u0159edstav\u00ed r\u016fzn\u00e9 dobrovolnick\u00e9 programy a\u00a0aktivity. Lid\u00e9 budou m\u00edt p\u0159\u00edle\u017eitost si osobn\u011b promluvit s\u00a0t\u011bmi, kdo v\u00a0oblasti dobrovolnictv\u00ed aktivn\u011b p\u016fsob\u00ed, a\u00a0dozv\u011bd\u011bt se v\u00edce o\u00a0tom, jak se mohou zapojit.<\/p>\n<p>Sou\u010d\u00e1st\u00ed akce budou tak\u00e9 informa\u010dn\u00ed st\u00e1nky, kter\u00e9 budou k\u00a0dispozici po\u00a0cel\u00fd den na Soukenn\u00e9m n\u00e1m\u011bst\u00ed v\u00a0Liberci. Zde budou n\u00e1v\u0161t\u011bvn\u00edk\u016fm poskytnuty podrobn\u00e9 informace o\u00a0aktu\u00e1ln\u00edch dobrovolnick\u00fdch projektech v\u00a0kraji.<\/p>\n<h6>Tramvaj mezi Libercem a\u00a0Jabloncem i\u00a0Den otev\u0159en\u00fdch dve\u0159\u00ed<\/h6>\n<p><strong>V sobotu 12.\u00a0\u0159\u00edjna<\/strong> bude pokra\u010dovat j\u00edzda tramvaje Region\u00e1ln\u00edho dobrovolnick\u00e9ho centra <strong>mezi Libercem a\u00a0Jabloncem nad Nisou<\/strong>. Na sv\u00e9 cest\u011b bude op\u011bt \u0161\u00ed\u0159it osv\u011btu o\u00a0dobrovolnictv\u00ed a\u00a0z\u00e1jemci budou m\u00edt p\u0159\u00edle\u017eitost dozv\u011bd\u011bt se v\u00edce o\u00a0tom, jak mohou p\u0159isp\u011bt k\u00a0dobr\u00e9 v\u011bci.<\/p>\n<p>Tento den se tak\u00e9 kon\u00e1 <strong>Den otev\u0159en\u00fdch dve\u0159\u00ed Dopravn\u00edho podniku<\/strong> v\u00a0Tatransk\u00e9 ulici, kde nebude chyb\u011bt informa\u010dn\u00ed st\u00e1nek Region\u00e1ln\u00edho dobrovolnick\u00e9ho centra. N\u00e1v\u0161t\u011bvn\u00edci se tak mohou t\u011b\u0161it na spoustu zaj\u00edmav\u00fdch informac\u00ed, a\u00a0to v\u0161e v\u00a0r\u00e1mci jedine\u010dn\u00e9ho z\u00e1\u017eitku spojen\u00e9ho s\u00a0j\u00edzdou speci\u00e1ln\u00ed tramvaj\u00ed.<\/p>\n<h6>Vyberte si j\u00edzdu speci\u00e1ln\u00ed dobrovolnickou tramvaj\u00ed <strong>ve dnech 11. a 12. \u0159\u00edjna 2024 a nastupte s n\u00e1mi<\/strong>:<\/h6>\n<p><img loading=\"lazy\" decoding=\"async\" class=\"alignnone wp-image-3567\" src=\"https:\/\/lk.regionalnidobrovolnickecentrum.cz\/subdom\/lk\/wp-content\/uploads\/2024\/10\/DC-Liberec-A0-Dny-pro-dobrovolnictvi-1-300x212.jpg\" alt=\"\" width=\"1075\" height=\"760\" srcset=\"https:\/\/lk.regionalnidobrovolnickecentrum.cz\/subdom\/lk\/wp-content\/uploads\/2024\/10\/DC-Liberec-A0-Dny-pro-dobrovolnictvi-1-300x212.jpg 300w, https:\/\/lk.regionalnidobrovolnickecentrum.cz\/subdom\/lk\/wp-content\/uploads\/2024\/10\/DC-Liberec-A0-Dny-pro-dobrovolnictvi-1-1024x724.jpg 1024w, https:\/\/lk.regionalnidobrovolnickecentrum.cz\/subdom\/lk\/wp-content\/uploads\/2024\/10\/DC-Liberec-A0-Dny-pro-dobrovolnictvi-1-768x543.jpg 768w, https:\/\/lk.regionalnidobrovolnickecentrum.cz\/subdom\/lk\/wp-content\/uploads\/2024\/10\/DC-Liberec-A0-Dny-pro-dobrovolnictvi-1-1536x1087.jpg 1536w, https:\/\/lk.regionalnidobrovolnickecentrum.cz\/subdom\/lk\/wp-content\/uploads\/2024\/10\/DC-Liberec-A0-Dny-pro-dobrovolnictvi-1-2048x1449.jpg 2048w\" sizes=\"(max-width: 1075px) 100vw, 1075px\" \/><\/p>\n<p>&nbsp;<\/p>\n","protected":false},"excerpt":{"rendered":"<p>Bl\u00ed\u017e\u00ed se hlavn\u00ed \u010d\u00e1st kampan\u011b na podporu dobrovolnictv\u00ed v Libereck\u00e9m kraji, kterou jsme ji\u017e p\u0159edstavili v minul\u00e9m \u010dl\u00e1nku. Historick\u00e1 tramvaj<\/p>\n","protected":false},"author":20,"featured_media":3567,"comment_status":"closed","ping_status":"closed","sticky":false,"template":"","format":"standard","meta":{"om_disable_all_campaigns":false,"_monsterinsights_skip_tracking":false,"_monsterinsights_sitenote_active":false,"_monsterinsights_sitenote_note":"","_monsterinsights_sitenote_category":0,"footnotes":""},"categories":[2],"tags":[],"aioseo_notices":[],"_links":{"self":[{"href":"https:\/\/lk.regionalnidobrovolnickecentrum.cz\/subdom\/lk\/wp-json\/wp\/v2\/posts\/3565"}],"collection":[{"href":"https:\/\/lk.regionalnidobrovolnickecentrum.cz\/subdom\/lk\/wp-json\/wp\/v2\/posts"}],"about":[{"href":"https:\/\/lk.regionalnidobrovolnickecentrum.cz\/subdom\/lk\/wp-json\/wp\/v2\/types\/post"}],"author":[{"embeddable":true,"href":"https:\/\/lk.regionalnidobrovolnickecentrum.cz\/subdom\/lk\/wp-json\/wp\/v2\/users\/20"}],"replies":[{"embeddable":true,"href":"https:\/\/lk.regionalnidobrovolnickecentrum.cz\/subdom\/lk\/wp-json\/wp\/v2\/comments?post=3565"}],"version-history":[{"count":4,"href":"https:\/\/lk.regionalnidobrovolnickecentrum.cz\/subdom\/lk\/wp-json\/wp\/v2\/posts\/3565\/revisions"}],"predecessor-version":[{"id":3571,"href":"https:\/\/lk.regionalnidobrovolnickecentrum.cz\/subdom\/lk\/wp-json\/wp\/v2\/posts\/3565\/revisions\/3571"}],"wp:featuredmedia":[{"embeddable":true,"href":"https:\/\/lk.regionalnidobrovolnickecentrum.cz\/subdom\/lk\/wp-json\/wp\/v2\/media\/3567"}],"wp:attachment":[{"href":"https:\/\/lk.regionalnidobrovolnickecentrum.cz\/subdom\/lk\/wp-json\/wp\/v2\/media?parent=3565"}],"wp:term":[{"taxonomy":"category","embeddable":true,"href":"https:\/\/lk.regionalnidobrovolnickecentrum.cz\/subdom\/lk\/wp-json\/wp\/v2\/categories?post=3565"},{"taxonomy":"post_tag","embeddable":true,"href":"https:\/\/lk.regionalnidobrovolnickecentrum.cz\/subdom\/lk\/wp-json\/wp\/v2\/tags?post=3565"}],"curies":[{"name":"wp","href":"https:\/\/api.w.org\/{rel}","templated":true}]}}