{"id":3572,"date":"2024-10-16T10:47:07","date_gmt":"2024-10-16T08:47:07","guid":{"rendered":"https:\/\/lk.regionalnidobrovolnickecentrum.cz\/subdom\/lk\/?p=3572"},"modified":"2024-10-17T10:41:19","modified_gmt":"2024-10-17T08:41:19","slug":"pojedte-s-nami-nastupte-do-dobrovolnicke-tramvaje","status":"publish","type":"post","link":"https:\/\/lk.regionalnidobrovolnickecentrum.cz\/subdom\/lk\/pojedte-s-nami-nastupte-do-dobrovolnicke-tramvaje\/","title":{"rendered":"Poje\u010fte s n\u00e1mi. Nastupte do dobrovolnick\u00e9 tramvaje!"},"content":{"rendered":"<p><span style=\"font-weight: 400;\">Nad Libercem kone\u010dn\u011b vykukuje slunce, rozveseluje <\/span>po\u0161mourn\u00e9 p\u00e1te\u010dn\u00ed odpoledne a zah\u0159\u00edv\u00e1 promrzl\u00e9 organiz\u00e1tory kontaktn\u00ed kampan\u011b <a href=\"https:\/\/lk.regionalnidobrovolnickecentrum.cz\/subdom\/lk\/\">Region\u00e1ln\u00edho dobrovolnick\u00e9ho centra<\/a> (d\u00e1le RDC), kte\u0159\u00ed u st\u00e1nku na Soukenn\u00e9m n\u00e1m\u011bst\u00ed stoj\u00ed u\u017e od r\u00e1na a oslovuj\u00ed kolemjdouc\u00ed.<\/p>\n<p><span style=\"font-weight: 400;\">Lidi se trous\u00ed p\u0159es n\u00e1m\u011bst\u00ed, pokud cht\u011bj\u00ed, dost\u00e1vaj\u00ed do ruky let\u00e1\u010dek RDC, kter\u00fd odkazuje na web a nab\u00eddku dobrovolnick\u00fdch p\u0159\u00edle\u017eitost\u00ed.\u00a0 St\u00e1nek je obklopen\u00a0 bannery a plak\u00e1ty v\u00edce ne\u017e dvaceti dobrovolnick\u00fdch organizac\u00ed z Libereck\u00e9ho kraje, kter\u00e9 RDC do t\u00e9to akce zapojilo a kter\u00e9 dobrovoln\u00edky hledaj\u00ed a smyslupln\u011b je uplat\u0148uj\u00ed. Kolemjdouc\u00ed maj\u00ed mo\u017enost si ve\u0161ker\u00e9 informace prostudovat nebo si popov\u00eddat s pracovn\u00edky ADRY (je\u017e RDC v Liberci provozuje) \u010di se z\u00e1stupci zrovna p\u0159\u00edtomn\u00fdch organizac\u00ed a zeptat se na v\u0161e, co je zaj\u00edm\u00e1.<\/span><\/p>\n<h4>Proj\u00ed\u017e\u010fka dobrovolnickou tramvaj\u00ed<\/h4>\n<p><span style=\"font-weight: 400;\">Nejv\u011bt\u0161\u00edm trh\u00e1kem kampan\u011b je ale historick\u00e1 tramvaj, jej\u00ed\u017e okna jsou polepen\u00e1 plak\u00e1ty rozli\u010dn\u00fdch dobrovolnick\u00fdch p\u0159\u00edle\u017eitost\u00ed v Libereck\u00e9m kraji, a kter\u00e1 zdarma jezd\u00ed mezi zast\u00e1vkami F\u00fcgnerova a Horn\u00ed Hanychov. Pro\u010d zrovna kampa\u0148 v tramvaji? \u201eJ\u00e1 m\u00e1m tramvaje r\u00e1d,\u201d sm\u011bje se Michal \u010can\u010d\u00edk, \u0159editel RDC. \u201eZkou\u0161\u00edme to zase jinak. P\u0159ed dv\u011bma lety to byla akce v ZOO, minul\u00fd rok festival na Grab\u0161tejnu. Nyn\u00ed jsme si \u0159ekli, \u017ee nejbl\u00ed\u017e lidem budeme pr\u00e1v\u011b v dopravn\u00edm prost\u0159edku, kter\u00fd k Liberci neodmysliteln\u011b pat\u0159\u00ed. C\u00edlem kampan\u011b je dostat t\u00e9ma dobrovolnictv\u00ed mezi \u0161irokou ve\u0159ejnost. Soci\u00e1ln\u00ed s\u00edt\u011b jsou fajn, ale mysl\u00edm, \u017ee je t\u0159eba se s lidmi setk\u00e1vat i osobn\u011b,\u201d vysv\u011btluje.\u00a0<\/span><\/p>\n<blockquote><p><span style=\"font-weight: 400;\">Nyn\u00ed jsme si \u0159ekli, \u017ee nejbl\u00ed\u017e lidem budeme pr\u00e1v\u011b v dopravn\u00edm prost\u0159edku, kter\u00fd k Liberci neodmysliteln\u011b pat\u0159\u00ed. C\u00edlem kampan\u011b je dostat t\u00e9ma dobrovolnictv\u00ed mezi \u0161irokou ve\u0159ejnost. Soci\u00e1ln\u00ed s\u00edt\u011b jsou fajn, ale mysl\u00edm, \u017ee je t\u0159eba se s lidmi setk\u00e1vat i osobn\u011b.<\/span><\/p><\/blockquote>\n<p><span style=\"font-weight: 400;\">Nastoupila jsem a sedla si na lavici pod\u00e9l oken i s dal\u0161\u00edmi cestuj\u00edc\u00edmi. Michal \u010can\u010d\u00edk svol\u00e1v\u00e1 kolemjdouc\u00ed: \u201ePoje\u010fte s n\u00e1mi, nebojte se, nastupte si do dobrovolnick\u00e9 tramvaje, je to zdarma!\u201d N\u011bkte\u0159\u00ed lid\u00e9 vypadaj\u00ed ned\u016fv\u011b\u0159iv\u011b, ale kdy\u017e nasednou, za\u010dnou se rozpl\u00fdvat nad starou kr\u00e1sou d\u0159ev\u011bn\u00e9ho interi\u00e9ru. D\u00fdchne na n\u011b nostalgie: \u201eJ\u00e1 si je\u0161t\u011b tyhle tramvaje pamatuju. Jezdila jsem s nimi ka\u017ed\u00fd den, \u201d vypr\u00e1v\u00ed mi star\u0161\u00ed pan\u00ed a ochotn\u011b p\u0159i tom vypl\u0148uje dotazn\u00edk o dobrovolnictv\u00ed, kter\u00e9 z\u00e1stupci RDC v tramvaji rozd\u00e1vaj\u00ed. Lid\u00e9 v nich odpov\u00eddaj\u00ed na jednoduch\u00e9 ot\u00e1zky typu: \u201eByl jsi n\u011bkdy dobrovoln\u00edkem? Chce\u0161 se o dobrovolnick\u00fdch p\u0159\u00edle\u017eitostech dozv\u011bd\u011bt v\u00edce?\u201d N\u011bkte\u0159\u00ed lid\u00e9 vyu\u017e\u00edvaj\u00ed i mo\u017enosti nechat si zaslat nab\u00eddku dobrovolnick\u00fdch p\u0159\u00edle\u017eitost\u00ed e-mailem. RDC si od vypln\u011bn\u00fdch anketn\u00edch l\u00edstk\u016f slibuje, \u017ee bude moct oslovit v\u00edce lid\u00ed a potenci\u00e1ln\u00edch dobrovoln\u00edk\u016f.\u00a0<\/span><\/p>\n<p>Na dal\u0161\u00ed zast\u00e1vce k n\u00e1m do vag\u00f3nu p\u0159istoup\u00ed vysok\u00fd p\u00e1n v sokolsk\u00e9m kroji a bud\u00ed rozruch: \u201eTak kdo tady r\u00e1d b\u011bh\u00e1? Kdo r\u00e1d sportuje?&#8221; Rozd\u00e1v\u00e1 let\u00e1\u010dky a tu\u017eky a zastavuje se u rodiny s mal\u00fdmi d\u011btmi, kter\u00e1 projevuje o sokolsk\u00e9 cvi\u010den\u00ed z\u00e1jem a vypt\u00e1v\u00e1 se na detaily.<\/p>\n<p>Ve vag\u00f3nu vl\u00e1dne p\u0159\u00e1telsk\u00e1 atmosf\u00e9ra, takov\u00e1 komunitn\u00ed, sousedsk\u00e1 &#8211; v\u0161ichni vn\u00edm\u00e1me cestu historickou tramvaj\u00ed jako n\u011bco jedine\u010dn\u00e9ho.\u00a0 Anonymita jako v b\u011b\u017en\u00fdch dopravn\u00edch prost\u0159edc\u00edch tu rozhodn\u011b nepanuje. Kdy\u017e lid\u00e9 vystupuj\u00ed, \u010dasto pod\u011bkuj\u00ed za p\u011bkn\u00fd a nev\u0161edn\u00ed z\u00e1\u017eitek.<\/p>\n<p><span style=\"font-weight: 400;\">Akce prob\u00edhala je\u0161t\u011b v sobotu, jen s t\u00edm rozd\u00edlem, \u017ee dobrovolnick\u00e1 tramvaj jezdila mezi Libercem a Jabloncem nad Nisou a u\u017e nebyla historick\u00e1, zato byla cel\u00e1 polepen\u00e1 vizu\u00e1lem dobrovolnick\u00e9 kampan\u011b \u201eHled\u00e1me tebe!\u201d.\u00a0 St\u00e1nek byl p\u0159idru\u017een k ostatn\u00edm v tramvajov\u00e9 vozovn\u011b v Tatransk\u00e9 ulici, kde zrovna prob\u00edhal den otev\u0159en\u00fdch dve\u0159\u00ed <a href=\"https:\/\/www.dotaceeu.cz\/cs\/jak-ziskat-dotaci\/akce\/dod\/dod-2024\/den-otevrenych-dveri-v-dopravnim-podniku-mest-libe\">Dopravn\u00edho podniku Liberce a Jablonce nad Nisou<\/a>.\u00a0<\/span><\/p>\n<h4>M\u00e1me z toho dobr\u00fd pocit<\/h4>\n<p><span style=\"font-weight: 400;\">\u201eBylo mil\u00e9, jak jsme ud\u011blali radost d\u011btem z mate\u0159sk\u00e9 \u0161kolky, kter\u00e9 jsme svezli n\u011bkolik stanic tramvaj\u00ed. A pak kdykoliv n\u00e1m lidi \u0159ekli, \u017ee na\u0161e aktivity znaj\u00ed a zapojuj\u00ed se do nich a nebo se jim l\u00edb\u00ed,\u201d zmi\u0148uj\u00ed organiz\u00e1to\u0159i\u00a0 nejhez\u010d\u00ed momenty kampan\u011b. Ond\u0159ej Janeta, koordin\u00e1tor dobrovoln\u00edk\u016f DC ADRA Liberec, vypr\u00e1v\u00ed, jak se hlavn\u011b v p\u00e1tek tramvaj plnila \u0161kol\u00e1ky, kte\u0159\u00ed ji vyu\u017e\u00edvali r\u00e1no i odpoledne: \u201eBylo skv\u011bl\u00e9 pov\u00eddat si s d\u011btmi o dobrovolnictv\u00ed a d\u011blat tak osv\u011btu i u t\u011bch, kte\u0159\u00ed se do n\u011bj mohou v budoucnu zapojit. Vid\u00edm v tom velk\u00fd potenci\u00e1l.\u201d<\/span><\/p>\n<blockquote><p>M\u011bli jsme radost, kdy\u017e n\u00e1m lid\u00e9 \u0159ekli, <span style=\"font-weight: 400;\">\u017ee na\u0161e aktivity znaj\u00ed a zapojuj\u00ed se do nich anebo se jim l\u00edb\u00ed.<\/span><\/p><\/blockquote>\n<p><span style=\"font-weight: 400;\">Celkov\u011b maj\u00ed organiz\u00e1to\u0159i z cel\u00e9 kampan\u011b dobr\u00fd pocit. Splnila jejich o\u010dek\u00e1v\u00e1n\u00ed. Michal \u010can\u010d\u00edk k tomu dod\u00e1v\u00e1: \u201eJe\u0161t\u011b jsme to nestihli vyhodnotit. Ur\u010dit\u011b by se dalo n\u011bco ud\u011blat l\u00e9pe, ale za m\u011b kampa\u0148 naplnila o\u010dek\u00e1v\u00e1n\u00ed. C\u00edlem bylo oslovit co nejv\u00edce lid\u00ed, u st\u00e1nku to bylo sp\u00ed\u0161e o rozd\u00e1v\u00e1n\u00ed let\u00e1k\u016f, v tramvaji bylo v\u00edce \u010dasu si s lidmi promluvit. Absolvoval jsem tam n\u011bkolik del\u0161\u00edch a zaj\u00edmav\u00fdch rozhovor\u016f o dobrovolnictv\u00ed.\u201d Ond\u0159ej Janeta dopl\u0148uje: \u201eJ\u00e1 tak\u00e9 vn\u00edm\u00e1m kampa\u0148 jako zda\u0159ilou i p\u0159es nep\u0159\u00edzniv\u00e9 <\/span>p\u00e1te\u010dn\u00ed po\u010das\u00ed. N\u00e1pad ud\u011blat kampa\u0148 v tramvaji byl skv\u011bl\u00fd. Se\u0161lo se p\u0159es t\u0159i sta anketn\u00edch l\u00edstk\u016f, u v\u00edce ne\u017e dvou set l\u00edstk\u016f na sebe lid\u00e9 nechali kontakt. M\u011bl jsem radost, kdy\u017e mi tam lid\u00e9 psali, \u017ee u\u017e dobrovoln\u00edky jsou a u jak\u00fdch organizac\u00ed dobrovolni\u010d\u00ed.&#8221;<\/p>\n<p>Nyn\u00ed nezb\u00fdv\u00e1 ne\u017e oslovit ty, kte\u0159\u00ed na sebe zanechali kontakt a maj\u00ed o dobrovolnictv\u00ed z\u00e1jem, a informovat je o konkr\u00e9tn\u00edch dobrovolnick\u00fdch p\u0159\u00edle\u017eitostech. Snad i d\u00edky t\u00e9to kampani nebudou m\u00edt dobrovolnick\u00e9 organizace o dal\u0161\u00ed dobrovoln\u00edky nouzi.<\/p>\n<div id='gallery-1' class='gallery galleryid-3572 gallery-columns-3 gallery-size-colormag-featured-image'><figure class='gallery-item'>\n\t\t\t<div class='gallery-icon portrait'>\n\t\t\t\t<a href='https:\/\/lk.regionalnidobrovolnickecentrum.cz\/subdom\/lk\/pojedte-s-nami-nastupte-do-dobrovolnicke-tramvaje\/rdc-kontaktni-kampan-tramvaj11\/'><img loading=\"lazy\" decoding=\"async\" width=\"800\" height=\"445\" src=\"https:\/\/lk.regionalnidobrovolnickecentrum.cz\/subdom\/lk\/wp-content\/uploads\/2024\/10\/RDC-kontaktni-kampan-tramvaj11-800x445.jpg\" class=\"attachment-colormag-featured-image size-colormag-featured-image\" alt=\"\" \/><\/a>\n\t\t\t<\/div><\/figure><figure class='gallery-item'>\n\t\t\t<div class='gallery-icon landscape'>\n\t\t\t\t<a href='https:\/\/lk.regionalnidobrovolnickecentrum.cz\/subdom\/lk\/pojedte-s-nami-nastupte-do-dobrovolnicke-tramvaje\/rdc-kontaktni-kampan-tramvaj16\/'><img loading=\"lazy\" decoding=\"async\" width=\"800\" height=\"445\" src=\"https:\/\/lk.regionalnidobrovolnickecentrum.cz\/subdom\/lk\/wp-content\/uploads\/2024\/10\/RDC-kontaktni-kampan-tramvaj16-800x445.jpg\" class=\"attachment-colormag-featured-image size-colormag-featured-image\" alt=\"\" \/><\/a>\n\t\t\t<\/div><\/figure><figure class='gallery-item'>\n\t\t\t<div class='gallery-icon portrait'>\n\t\t\t\t<a href='https:\/\/lk.regionalnidobrovolnickecentrum.cz\/subdom\/lk\/pojedte-s-nami-nastupte-do-dobrovolnicke-tramvaje\/rdc-kontaktni-kampan-tramvaj17\/'><img loading=\"lazy\" decoding=\"async\" width=\"800\" height=\"445\" src=\"https:\/\/lk.regionalnidobrovolnickecentrum.cz\/subdom\/lk\/wp-content\/uploads\/2024\/10\/RDC-kontaktni-kampan-tramvaj17-800x445.jpg\" class=\"attachment-colormag-featured-image size-colormag-featured-image\" alt=\"\" \/><\/a>\n\t\t\t<\/div><\/figure><figure class='gallery-item'>\n\t\t\t<div class='gallery-icon landscape'>\n\t\t\t\t<a href='https:\/\/lk.regionalnidobrovolnickecentrum.cz\/subdom\/lk\/pojedte-s-nami-nastupte-do-dobrovolnicke-tramvaje\/rdc-kontaktni-kampan-tramvaj10\/'><img loading=\"lazy\" decoding=\"async\" width=\"800\" height=\"445\" src=\"https:\/\/lk.regionalnidobrovolnickecentrum.cz\/subdom\/lk\/wp-content\/uploads\/2024\/10\/RDC-kontaktni-kampan-tramvaj10-800x445.jpg\" class=\"attachment-colormag-featured-image size-colormag-featured-image\" alt=\"\" \/><\/a>\n\t\t\t<\/div><\/figure><figure class='gallery-item'>\n\t\t\t<div class='gallery-icon landscape'>\n\t\t\t\t<a href='https:\/\/lk.regionalnidobrovolnickecentrum.cz\/subdom\/lk\/pojedte-s-nami-nastupte-do-dobrovolnicke-tramvaje\/rdc-kontaktni-kampan-tramvaj9\/'><img loading=\"lazy\" decoding=\"async\" width=\"800\" height=\"445\" src=\"https:\/\/lk.regionalnidobrovolnickecentrum.cz\/subdom\/lk\/wp-content\/uploads\/2024\/10\/RDC-kontaktni-kampan-tramvaj9-800x445.jpg\" class=\"attachment-colormag-featured-image size-colormag-featured-image\" alt=\"\" \/><\/a>\n\t\t\t<\/div><\/figure><figure class='gallery-item'>\n\t\t\t<div class='gallery-icon portrait'>\n\t\t\t\t<a href='https:\/\/lk.regionalnidobrovolnickecentrum.cz\/subdom\/lk\/pojedte-s-nami-nastupte-do-dobrovolnicke-tramvaje\/rdc-kontaktni-kampan-tramvaj8\/'><img loading=\"lazy\" decoding=\"async\" width=\"800\" height=\"445\" src=\"https:\/\/lk.regionalnidobrovolnickecentrum.cz\/subdom\/lk\/wp-content\/uploads\/2024\/10\/RDC-kontaktni-kampan-tramvaj8-800x445.jpg\" class=\"attachment-colormag-featured-image size-colormag-featured-image\" alt=\"\" \/><\/a>\n\t\t\t<\/div><\/figure><figure class='gallery-item'>\n\t\t\t<div class='gallery-icon portrait'>\n\t\t\t\t<a href='https:\/\/lk.regionalnidobrovolnickecentrum.cz\/subdom\/lk\/pojedte-s-nami-nastupte-do-dobrovolnicke-tramvaje\/rdc-kontaktni-kampan-tramvaj7\/'><img loading=\"lazy\" decoding=\"async\" width=\"800\" height=\"445\" src=\"https:\/\/lk.regionalnidobrovolnickecentrum.cz\/subdom\/lk\/wp-content\/uploads\/2024\/10\/RDC-kontaktni-kampan-tramvaj7-800x445.jpg\" class=\"attachment-colormag-featured-image size-colormag-featured-image\" alt=\"\" \/><\/a>\n\t\t\t<\/div><\/figure><figure class='gallery-item'>\n\t\t\t<div class='gallery-icon portrait'>\n\t\t\t\t<a href='https:\/\/lk.regionalnidobrovolnickecentrum.cz\/subdom\/lk\/pojedte-s-nami-nastupte-do-dobrovolnicke-tramvaje\/rdc-kontaktni-kampan-tramvaj6\/'><img loading=\"lazy\" decoding=\"async\" width=\"800\" height=\"445\" src=\"https:\/\/lk.regionalnidobrovolnickecentrum.cz\/subdom\/lk\/wp-content\/uploads\/2024\/10\/RDC-kontaktni-kampan-tramvaj6-800x445.jpg\" class=\"attachment-colormag-featured-image size-colormag-featured-image\" alt=\"\" \/><\/a>\n\t\t\t<\/div><\/figure><figure class='gallery-item'>\n\t\t\t<div class='gallery-icon portrait'>\n\t\t\t\t<a href='https:\/\/lk.regionalnidobrovolnickecentrum.cz\/subdom\/lk\/pojedte-s-nami-nastupte-do-dobrovolnicke-tramvaje\/rdc-kontaktni-kampan-tramvaj5\/'><img loading=\"lazy\" decoding=\"async\" width=\"800\" height=\"445\" src=\"https:\/\/lk.regionalnidobrovolnickecentrum.cz\/subdom\/lk\/wp-content\/uploads\/2024\/10\/RDC-kontaktni-kampan-tramvaj5-800x445.jpg\" class=\"attachment-colormag-featured-image size-colormag-featured-image\" alt=\"\" \/><\/a>\n\t\t\t<\/div><\/figure><figure class='gallery-item'>\n\t\t\t<div class='gallery-icon landscape'>\n\t\t\t\t<a href='https:\/\/lk.regionalnidobrovolnickecentrum.cz\/subdom\/lk\/pojedte-s-nami-nastupte-do-dobrovolnicke-tramvaje\/rdc-kontaktni-kampan-tramvaj4\/'><img loading=\"lazy\" decoding=\"async\" width=\"800\" height=\"445\" src=\"https:\/\/lk.regionalnidobrovolnickecentrum.cz\/subdom\/lk\/wp-content\/uploads\/2024\/10\/RDC-kontaktni-kampan-tramvaj4-800x445.jpg\" class=\"attachment-colormag-featured-image size-colormag-featured-image\" alt=\"\" \/><\/a>\n\t\t\t<\/div><\/figure><figure class='gallery-item'>\n\t\t\t<div class='gallery-icon portrait'>\n\t\t\t\t<a href='https:\/\/lk.regionalnidobrovolnickecentrum.cz\/subdom\/lk\/pojedte-s-nami-nastupte-do-dobrovolnicke-tramvaje\/rdc-kontaktni-kampan-tramvaj18\/'><img loading=\"lazy\" decoding=\"async\" width=\"800\" height=\"445\" src=\"https:\/\/lk.regionalnidobrovolnickecentrum.cz\/subdom\/lk\/wp-content\/uploads\/2024\/10\/RDC-kontaktni-kampan-tramvaj18-800x445.jpg\" class=\"attachment-colormag-featured-image size-colormag-featured-image\" alt=\"\" \/><\/a>\n\t\t\t<\/div><\/figure><figure class='gallery-item'>\n\t\t\t<div class='gallery-icon portrait'>\n\t\t\t\t<a href='https:\/\/lk.regionalnidobrovolnickecentrum.cz\/subdom\/lk\/pojedte-s-nami-nastupte-do-dobrovolnicke-tramvaje\/rdc-kontaktni-kampan-tramvaj12\/'><img loading=\"lazy\" decoding=\"async\" width=\"800\" height=\"445\" src=\"https:\/\/lk.regionalnidobrovolnickecentrum.cz\/subdom\/lk\/wp-content\/uploads\/2024\/10\/RDC-kontaktni-kampan-tramvaj12-800x445.jpg\" class=\"attachment-colormag-featured-image size-colormag-featured-image\" alt=\"\" \/><\/a>\n\t\t\t<\/div><\/figure><figure class='gallery-item'>\n\t\t\t<div class='gallery-icon landscape'>\n\t\t\t\t<a href='https:\/\/lk.regionalnidobrovolnickecentrum.cz\/subdom\/lk\/pojedte-s-nami-nastupte-do-dobrovolnicke-tramvaje\/rdc-kontaktni-kampan-tramvaj13\/'><img loading=\"lazy\" decoding=\"async\" width=\"800\" height=\"445\" src=\"https:\/\/lk.regionalnidobrovolnickecentrum.cz\/subdom\/lk\/wp-content\/uploads\/2024\/10\/RDC-kontaktni-kampan-tramvaj13-e1729068410144-800x445.jpg\" class=\"attachment-colormag-featured-image size-colormag-featured-image\" alt=\"\" \/><\/a>\n\t\t\t<\/div><\/figure><figure class='gallery-item'>\n\t\t\t<div class='gallery-icon portrait'>\n\t\t\t\t<a href='https:\/\/lk.regionalnidobrovolnickecentrum.cz\/subdom\/lk\/pojedte-s-nami-nastupte-do-dobrovolnicke-tramvaje\/rdc-kontaktni-kampan-tramvaj14\/'><img loading=\"lazy\" decoding=\"async\" width=\"800\" height=\"445\" src=\"https:\/\/lk.regionalnidobrovolnickecentrum.cz\/subdom\/lk\/wp-content\/uploads\/2024\/10\/RDC-kontaktni-kampan-tramvaj14-800x445.jpg\" class=\"attachment-colormag-featured-image size-colormag-featured-image\" alt=\"\" \/><\/a>\n\t\t\t<\/div><\/figure>\n\t\t<\/div>\n\n<p>&nbsp;<\/p>\n","protected":false},"excerpt":{"rendered":"<p>Nad Libercem kone\u010dn\u011b vykukuje slunce, rozveseluje po\u0161mourn\u00e9 p\u00e1te\u010dn\u00ed odpoledne a zah\u0159\u00edv\u00e1 promrzl\u00e9 organiz\u00e1tory kontaktn\u00ed kampan\u011b Region\u00e1ln\u00edho dobrovolnick\u00e9ho centra (d\u00e1le RDC),<\/p>\n","protected":false},"author":20,"featured_media":3577,"comment_status":"closed","ping_status":"closed","sticky":false,"template":"","format":"standard","meta":{"om_disable_all_campaigns":false,"_monsterinsights_skip_tracking":false,"_monsterinsights_sitenote_active":false,"_monsterinsights_sitenote_note":"","_monsterinsights_sitenote_category":0,"footnotes":""},"categories":[2],"tags":[],"aioseo_notices":[],"_links":{"self":[{"href":"https:\/\/lk.regionalnidobrovolnickecentrum.cz\/subdom\/lk\/wp-json\/wp\/v2\/posts\/3572"}],"collection":[{"href":"https:\/\/lk.regionalnidobrovolnickecentrum.cz\/subdom\/lk\/wp-json\/wp\/v2\/posts"}],"about":[{"href":"https:\/\/lk.regionalnidobrovolnickecentrum.cz\/subdom\/lk\/wp-json\/wp\/v2\/types\/post"}],"author":[{"embeddable":true,"href":"https:\/\/lk.regionalnidobrovolnickecentrum.cz\/subdom\/lk\/wp-json\/wp\/v2\/users\/20"}],"replies":[{"embeddable":true,"href":"https:\/\/lk.regionalnidobrovolnickecentrum.cz\/subdom\/lk\/wp-json\/wp\/v2\/comments?post=3572"}],"version-history":[{"count":9,"href":"https:\/\/lk.regionalnidobrovolnickecentrum.cz\/subdom\/lk\/wp-json\/wp\/v2\/posts\/3572\/revisions"}],"predecessor-version":[{"id":3600,"href":"https:\/\/lk.regionalnidobrovolnickecentrum.cz\/subdom\/lk\/wp-json\/wp\/v2\/posts\/3572\/revisions\/3600"}],"wp:featuredmedia":[{"embeddable":true,"href":"https:\/\/lk.regionalnidobrovolnickecentrum.cz\/subdom\/lk\/wp-json\/wp\/v2\/media\/3577"}],"wp:attachment":[{"href":"https:\/\/lk.regionalnidobrovolnickecentrum.cz\/subdom\/lk\/wp-json\/wp\/v2\/media?parent=3572"}],"wp:term":[{"taxonomy":"category","embeddable":true,"href":"https:\/\/lk.regionalnidobrovolnickecentrum.cz\/subdom\/lk\/wp-json\/wp\/v2\/categories?post=3572"},{"taxonomy":"post_tag","embeddable":true,"href":"https:\/\/lk.regionalnidobrovolnickecentrum.cz\/subdom\/lk\/wp-json\/wp\/v2\/tags?post=3572"}],"curies":[{"name":"wp","href":"https:\/\/api.w.org\/{rel}","templated":true}]}}