{"id":3601,"date":"2024-11-05T11:07:25","date_gmt":"2024-11-05T10:07:25","guid":{"rendered":"https:\/\/lk.regionalnidobrovolnickecentrum.cz\/subdom\/lk\/?p=3601"},"modified":"2024-11-22T14:19:49","modified_gmt":"2024-11-22T13:19:49","slug":"rdc-nechalo-vyrobit-letaky-pro-distribuci-na-ceskolipsku","status":"publish","type":"post","link":"https:\/\/lk.regionalnidobrovolnickecentrum.cz\/subdom\/lk\/rdc-nechalo-vyrobit-letaky-pro-distribuci-na-ceskolipsku\/","title":{"rendered":"RDC nechalo vyrobit let\u00e1ky pro distribuci na \u010ceskolipsku"},"content":{"rendered":"<div dir=\"auto\">RDC zasv\u011btilo podzim medi\u00e1ln\u00ed kampani a osv\u011bt\u011b o dobrovolnictv\u00ed. Krom\u011b ji\u017e <a href=\"https:\/\/lk.regionalnidobrovolnickecentrum.cz\/subdom\/lk\/pojedte-s-nami-nastupte-do-dobrovolnicke-tramvaje\/\">prob\u011bhl\u00fdch akc\u00ed v Liberci a Jablonci nad Nisou<\/a>, nechalo v r\u00e1mci kampan\u011b vytisknout tak\u00e9 dvacet tis\u00edc let\u00e1k\u016f k distribuci po \u010deskolipsk\u00e9m okrese. V let\u00e1c\u00edch najdeme informace o dobrovolnick\u00fdch p\u0159\u00edle\u017eitostech v organizac\u00edch, jako jsou nap\u0159\u00edklad L\u00edp a spolu, Charita \u010cesk\u00e1 L\u00edpa, Rodina v centru a dal\u0161\u00ed. Organizace uplat\u0148uj\u00ed dobrovoln\u00edky u d\u011bt\u00ed, senior\u016f, ment\u00e1ln\u011b znev\u00fdhodn\u011bn\u00fdch, ale tak\u00e9 t\u0159eba p\u0159i pr\u00e1ci v p\u0159\u00edrod\u011b nebo jako \u0159idi\u010de elektrorik\u0161i.<\/div>\n<p><!--more--><\/p>\n<div dir=\"auto\"><\/div>\n<p dir=\"auto\">Prvotn\u00ed distribuce let\u00e1k\u016f se ujala organizace <a href=\"https:\/\/adra.cz\/jak-pomahame\/dobrovolnictvi\/ceska-lipa\/\">ADRA \u010cesk\u00e1 L\u00edpa<\/a>, kter\u00e1 je rozd\u00e1 dal\u0161\u00edm deseti organizac\u00edm vyu\u017e\u00edvaj\u00edc\u00edm dobrovoln\u00edky na \u010ceskolipsku, ty se pak budou o \u0161\u00ed\u0159en\u00ed let\u00e1k\u016f starat samy. Petr M\u00e1\u0161ka, \u0159editel \u010deskolipsk\u00e9 ADRY, uvedl: &#8220;M\u00e1me tu 20 tis\u00edc let\u00e1k\u016f form\u00e1tu A5 a 18 ks A4. Budou se pou\u017e\u00edvat na del\u0161\u00ed \u010das pro distribuci p\u0159ev\u00e1\u017en\u011b v men\u0161\u00edch obc\u00edch, kde se informace st\u00e1le touto formou \u0161\u00ed\u0159\u00ed.&#8221;<\/p>\n<div dir=\"auto\"><\/div>\n<p dir=\"auto\">Jak m\u016f\u017ee vypadat dobrovolnictv\u00ed? Dobrovolnice D\u00e1\u0161a chod\u00ed do Domova pro seniory v Mimoni za panem V\u00e1clavem.\u00a0 D\u00e1\u0161a pracuje v textiln\u00edm z\u00e1vod\u011b Mitop Mimo\u0148 a ve voln\u00e9m \u010dase se, krom\u011b zp\u00edv\u00e1n\u00ed v p\u011bveck\u00e9m sboru Zp\u011bvandule, rozhodla pro dobrovolnickou slu\u017ebu u senior\u016f. Za\u010dala v \u0159\u00edjnu 2023 a nav\u0161t\u011bvuje v Domov\u011b pro seniory v Mimoni pana V\u00e1clava, kter\u00e9mu je 76 let a p\u0159esouv\u00e1 se na del\u0161\u00ed vzd\u00e1lenosti p\u0159ev\u00e1\u017en\u011b na invalidn\u00edm voz\u00edku, tak\u017ee s n\u00edm D\u00e1\u0161a ob\u010das vyraz\u00ed do m\u011bsta mezi lidi. V\u00e1clav m\u00e1 velmi dobrou pam\u011b\u0165 a \u010dasto vzpom\u00edn\u00e1 na sv\u00e9ho d\u011bdu, kter\u00fd byl n\u00e1mo\u0159n\u00edk, co\u017e tehdy bylo pro na\u0161i zemi bez p\u0159\u00edstupu k mo\u0159i velmi atraktivn\u00ed povol\u00e1n\u00ed. D\u00e1\u0161a jeho vypr\u00e1v\u011bn\u00ed r\u00e1da naslouch\u00e1.<\/p>\n<div dir=\"auto\"><\/div>\n<div dir=\"auto\">Zapojte se i vy do dobrovolnictv\u00ed na \u010ceskolipsku!<\/div>\n<div dir=\"auto\"><\/div>\n<div dir=\"auto\"><img loading=\"lazy\" decoding=\"async\" class=\"wp-image-3619 aligncenter\" src=\"https:\/\/lk.regionalnidobrovolnickecentrum.cz\/subdom\/lk\/wp-content\/uploads\/2024\/11\/plakat-CL-212x300.jpg\" alt=\"\" width=\"697\" height=\"986\" srcset=\"https:\/\/lk.regionalnidobrovolnickecentrum.cz\/subdom\/lk\/wp-content\/uploads\/2024\/11\/plakat-CL-212x300.jpg 212w, https:\/\/lk.regionalnidobrovolnickecentrum.cz\/subdom\/lk\/wp-content\/uploads\/2024\/11\/plakat-CL-724x1024.jpg 724w, https:\/\/lk.regionalnidobrovolnickecentrum.cz\/subdom\/lk\/wp-content\/uploads\/2024\/11\/plakat-CL-768x1086.jpg 768w, https:\/\/lk.regionalnidobrovolnickecentrum.cz\/subdom\/lk\/wp-content\/uploads\/2024\/11\/plakat-CL-1086x1536.jpg 1086w, https:\/\/lk.regionalnidobrovolnickecentrum.cz\/subdom\/lk\/wp-content\/uploads\/2024\/11\/plakat-CL.jpg 1414w\" sizes=\"(max-width: 697px) 100vw, 697px\" \/><\/div>\n<div dir=\"auto\"><\/div>\n","protected":false},"excerpt":{"rendered":"<p>RDC zasv\u011btilo podzim medi\u00e1ln\u00ed kampani a osv\u011bt\u011b o dobrovolnictv\u00ed. Krom\u011b ji\u017e prob\u011bhl\u00fdch akc\u00ed v Liberci a Jablonci nad Nisou, nechalo<\/p>\n","protected":false},"author":20,"featured_media":2288,"comment_status":"closed","ping_status":"closed","sticky":false,"template":"","format":"standard","meta":{"om_disable_all_campaigns":false,"_monsterinsights_skip_tracking":false,"_monsterinsights_sitenote_active":false,"_monsterinsights_sitenote_note":"","_monsterinsights_sitenote_category":0,"footnotes":""},"categories":[2],"tags":[],"aioseo_notices":[],"_links":{"self":[{"href":"https:\/\/lk.regionalnidobrovolnickecentrum.cz\/subdom\/lk\/wp-json\/wp\/v2\/posts\/3601"}],"collection":[{"href":"https:\/\/lk.regionalnidobrovolnickecentrum.cz\/subdom\/lk\/wp-json\/wp\/v2\/posts"}],"about":[{"href":"https:\/\/lk.regionalnidobrovolnickecentrum.cz\/subdom\/lk\/wp-json\/wp\/v2\/types\/post"}],"author":[{"embeddable":true,"href":"https:\/\/lk.regionalnidobrovolnickecentrum.cz\/subdom\/lk\/wp-json\/wp\/v2\/users\/20"}],"replies":[{"embeddable":true,"href":"https:\/\/lk.regionalnidobrovolnickecentrum.cz\/subdom\/lk\/wp-json\/wp\/v2\/comments?post=3601"}],"version-history":[{"count":5,"href":"https:\/\/lk.regionalnidobrovolnickecentrum.cz\/subdom\/lk\/wp-json\/wp\/v2\/posts\/3601\/revisions"}],"predecessor-version":[{"id":3622,"href":"https:\/\/lk.regionalnidobrovolnickecentrum.cz\/subdom\/lk\/wp-json\/wp\/v2\/posts\/3601\/revisions\/3622"}],"wp:featuredmedia":[{"embeddable":true,"href":"https:\/\/lk.regionalnidobrovolnickecentrum.cz\/subdom\/lk\/wp-json\/wp\/v2\/media\/2288"}],"wp:attachment":[{"href":"https:\/\/lk.regionalnidobrovolnickecentrum.cz\/subdom\/lk\/wp-json\/wp\/v2\/media?parent=3601"}],"wp:term":[{"taxonomy":"category","embeddable":true,"href":"https:\/\/lk.regionalnidobrovolnickecentrum.cz\/subdom\/lk\/wp-json\/wp\/v2\/categories?post=3601"},{"taxonomy":"post_tag","embeddable":true,"href":"https:\/\/lk.regionalnidobrovolnickecentrum.cz\/subdom\/lk\/wp-json\/wp\/v2\/tags?post=3601"}],"curies":[{"name":"wp","href":"https:\/\/api.w.org\/{rel}","templated":true}]}}