{"id":3603,"date":"2024-10-31T13:10:10","date_gmt":"2024-10-31T12:10:10","guid":{"rendered":"https:\/\/lk.regionalnidobrovolnickecentrum.cz\/subdom\/lk\/?p=3603"},"modified":"2024-11-12T11:11:02","modified_gmt":"2024-11-12T10:11:02","slug":"pozvanka-na-3-rocnik-spolecenskeho-vecera","status":"publish","type":"post","link":"https:\/\/lk.regionalnidobrovolnickecentrum.cz\/subdom\/lk\/pozvanka-na-3-rocnik-spolecenskeho-vecera\/","title":{"rendered":"Pozv\u00e1nka na 3. ro\u010dn\u00edk Spole\u010densk\u00e9ho ve\u010dera"},"content":{"rendered":"<p>I letos se uskute\u010dn\u00ed Spole\u010densk\u00fd ve\u010der jako pod\u011bkov\u00e1n\u00ed v\u0161em pracovn\u00edk\u016fm neziskov\u00e9ho sektoru a dobrovoln\u00edk\u016fm za jejich pr\u00e1ci v roce 2024.\u00a0 Tuto ud\u00e1lost ji\u017e tradi\u010dn\u011b organizuj\u00ed d\u00e1my Alena Kejzarov\u00e1 z <a href=\"https:\/\/www.annolk.cz\/\">ANNOLK <\/a>a Lucie Nov\u00e1kov\u00e1 z <a href=\"https:\/\/adra.cz\/jak-pomahame\/dobrovolnictvi\/liberec\/\">ADRA Liberec<\/a>, kter\u00e9 nav\u00e1zaly spole\u010dnou spolupr\u00e1ci u\u017e v roce 2022 a od t\u00e9 doby spolu uspo\u0159\u00e1daly n\u011bkolik akc\u00ed, nejen Spole\u010densk\u00e9 ve\u010dery, ale t\u0159eba i dobrovolnickou kampa\u0148 na Grab\u0161tejn\u011b. P\u0159i sv\u00e9 pr\u00e1ci se st\u00e1le dr\u017e\u00ed mota:\u00a0 pozn\u00e1v\u00e1me se, spolupracujeme, s\u00ed\u0165ujeme, pom\u00e1h\u00e1me si.<\/p>\n<p><strong>Spole\u010densk\u00fd ve\u010der se kon\u00e1 v<u>\u00a0sobotu 23. 11. 2024<\/u> od 19 h v Centru Babylon v Liberci a je otev\u0159en nej\u0161ir\u0161\u00ed ve\u0159ejnosti. <\/strong>Vstupn\u00e9 je dobrovoln\u00e9.<\/p>\n<p>C\u00edlem akce je hlavn\u011b pod\u011bkovat v\u0161em za spolupr\u00e1ci, pozdravit kolegy ze stejn\u00e9 bran\u017ee, popov\u00eddat si, zatan\u010dit si a spole\u010dn\u011b str\u00e1vit hezk\u00fd ve\u010der.<\/p>\n<p>Tak\u00e9 letos n\u00e1s \u010dek\u00e1 ve\u010der pln\u00fd hudby i tance, bohat\u00e1 tombola i p\u011bkn\u00e1 vystoupen\u00ed. Zkr\u00e1tka se m\u00e1me na co t\u011b\u0161it!<\/p>\n<p><strong>Svou \u00fa\u010dast pros\u00edm hlaste na mail:\u00a0<a id=\"LPlnkOWA24ff9c77-4ee5-9090-d602-9d52b583aa49\" class=\"x_OWAAutoLink\" href=\"mailto:alena.annolk@seznam.cz\" data-linkindex=\"0\">alena.annolk@seznam.cz<\/a>, nebo na tel. 737 233 889.<\/strong><\/p>\n<p>Zde je <a href=\"https:\/\/www.facebook.com\/events\/9054183801314208\">odkaz na ud\u00e1lost na Facebooku.<\/a><\/p>\n<div>T\u011b\u0161\u00edme se na vid\u011bnou!<\/div>\n<p><img loading=\"lazy\" decoding=\"async\" class=\"wp-image-3616 aligncenter\" src=\"https:\/\/lk.regionalnidobrovolnickecentrum.cz\/subdom\/lk\/wp-content\/uploads\/2020\/07\/Spolecensky-vecer2024-212x300.jpg\" alt=\"\" width=\"823\" height=\"1165\" srcset=\"https:\/\/lk.regionalnidobrovolnickecentrum.cz\/subdom\/lk\/wp-content\/uploads\/2020\/07\/Spolecensky-vecer2024-212x300.jpg 212w, https:\/\/lk.regionalnidobrovolnickecentrum.cz\/subdom\/lk\/wp-content\/uploads\/2020\/07\/Spolecensky-vecer2024-724x1024.jpg 724w, https:\/\/lk.regionalnidobrovolnickecentrum.cz\/subdom\/lk\/wp-content\/uploads\/2020\/07\/Spolecensky-vecer2024-768x1087.jpg 768w, https:\/\/lk.regionalnidobrovolnickecentrum.cz\/subdom\/lk\/wp-content\/uploads\/2020\/07\/Spolecensky-vecer2024.jpg 841w\" sizes=\"(max-width: 823px) 100vw, 823px\" \/><\/p>\n<div class=\"x_elementToProof\"><\/div>\n","protected":false},"excerpt":{"rendered":"<p>I letos se uskute\u010dn\u00ed Spole\u010densk\u00fd ve\u010der jako pod\u011bkov\u00e1n\u00ed v\u0161em pracovn\u00edk\u016fm neziskov\u00e9ho sektoru a dobrovoln\u00edk\u016fm za jejich pr\u00e1ci v roce 2024.\u00a0<\/p>\n","protected":false},"author":20,"featured_media":3605,"comment_status":"closed","ping_status":"closed","sticky":false,"template":"","format":"standard","meta":{"om_disable_all_campaigns":false,"_monsterinsights_skip_tracking":false,"_monsterinsights_sitenote_active":false,"_monsterinsights_sitenote_note":"","_monsterinsights_sitenote_category":0,"footnotes":""},"categories":[5],"tags":[],"aioseo_notices":[],"_links":{"self":[{"href":"https:\/\/lk.regionalnidobrovolnickecentrum.cz\/subdom\/lk\/wp-json\/wp\/v2\/posts\/3603"}],"collection":[{"href":"https:\/\/lk.regionalnidobrovolnickecentrum.cz\/subdom\/lk\/wp-json\/wp\/v2\/posts"}],"about":[{"href":"https:\/\/lk.regionalnidobrovolnickecentrum.cz\/subdom\/lk\/wp-json\/wp\/v2\/types\/post"}],"author":[{"embeddable":true,"href":"https:\/\/lk.regionalnidobrovolnickecentrum.cz\/subdom\/lk\/wp-json\/wp\/v2\/users\/20"}],"replies":[{"embeddable":true,"href":"https:\/\/lk.regionalnidobrovolnickecentrum.cz\/subdom\/lk\/wp-json\/wp\/v2\/comments?post=3603"}],"version-history":[{"count":10,"href":"https:\/\/lk.regionalnidobrovolnickecentrum.cz\/subdom\/lk\/wp-json\/wp\/v2\/posts\/3603\/revisions"}],"predecessor-version":[{"id":3611,"href":"https:\/\/lk.regionalnidobrovolnickecentrum.cz\/subdom\/lk\/wp-json\/wp\/v2\/posts\/3603\/revisions\/3611"}],"wp:featuredmedia":[{"embeddable":true,"href":"https:\/\/lk.regionalnidobrovolnickecentrum.cz\/subdom\/lk\/wp-json\/wp\/v2\/media\/3605"}],"wp:attachment":[{"href":"https:\/\/lk.regionalnidobrovolnickecentrum.cz\/subdom\/lk\/wp-json\/wp\/v2\/media?parent=3603"}],"wp:term":[{"taxonomy":"category","embeddable":true,"href":"https:\/\/lk.regionalnidobrovolnickecentrum.cz\/subdom\/lk\/wp-json\/wp\/v2\/categories?post=3603"},{"taxonomy":"post_tag","embeddable":true,"href":"https:\/\/lk.regionalnidobrovolnickecentrum.cz\/subdom\/lk\/wp-json\/wp\/v2\/tags?post=3603"}],"curies":[{"name":"wp","href":"https:\/\/api.w.org\/{rel}","templated":true}]}}