{"id":3625,"date":"2024-11-18T13:59:32","date_gmt":"2024-11-18T12:59:32","guid":{"rendered":"https:\/\/lk.regionalnidobrovolnickecentrum.cz\/subdom\/lk\/?p=3625"},"modified":"2024-11-22T14:18:51","modified_gmt":"2024-11-22T13:18:51","slug":"dobrovolnici-ve-volnem-case-hlidaji-postizene-deti-homesharing-ulehcuje-rodinam","status":"publish","type":"post","link":"https:\/\/lk.regionalnidobrovolnickecentrum.cz\/subdom\/lk\/dobrovolnici-ve-volnem-case-hlidaji-postizene-deti-homesharing-ulehcuje-rodinam\/","title":{"rendered":"Dobrovoln\u00edci ve voln\u00e9m \u010dase hl\u00eddaj\u00ed posti\u017een\u00e9 d\u011bti. Homesharing uleh\u010duje rodin\u00e1m."},"content":{"rendered":"<p><strong>Sd\u00edl\u00edme <a href=\"https:\/\/www.idnes.cz\/liberec\/zpravy\/homesharing-hlidani-postizene-deti-handicapovani-socialni-pece-autismus-liberecky-kraj.A241024_823716_liberec-zpravy_lav\">\u010dl\u00e1nek od Lady V\u00e1lkov\u00e9 z idnes.cz<\/a>, kter\u00fd vypr\u00e1v\u00ed o homesharingu, tedy sd\u00edlen\u00e9 p\u00e9\u010di o d\u011bti a dosp\u011bl\u00e9 s autismem, intelektov\u00fdm znev\u00fdhodn\u011bn\u00edm a dal\u0161\u00edmi hendikepy. Homesharing v Libereck\u00e9m kraji\u00a0<\/strong><strong>ne\u00fanavn\u011b\u00a0<\/strong><strong>propaguje organizace <a href=\"http:\/\/www.lipaspolu.cz.\">L\u00edp a spolu<\/a> a nyn\u00ed roz\u0161i\u0159uje sv\u00e9 p\u016fsoben\u00ed i v kraji \u00dasteck\u00e9m. V\u00edce se o homesharingu m\u016f\u017eete dozv\u011bd\u011bt tak\u00e9 <a href=\"https:\/\/lk.regionalnidobrovolnickecentrum.cz\/subdom\/lk\/dobrovolnici-pomuzou-rodinam-s-autismem\/\">zde<\/a>.<\/strong><\/p>\n<p><!--more--><\/p>\n<p>Homesharing propojuje rodiny s posti\u017een\u00fdmi d\u011btmi spolu s dobrovoln\u00edky, kte\u0159\u00ed jim \u010das od \u010dasu pom\u00e1haj\u00ed s hl\u00edd\u00e1n\u00edm. Soci\u00e1ln\u00ed slu\u017eba funguje i v Libereck\u00e9m kraji, kde je s hostiteli sp\u00e1rov\u00e1no osm rodin, dal\u0161\u00edch t\u0159icet rodin hostitele hled\u00e1.<\/p>\n<p>Na sv\u00e9 t\u0159i d\u011bti v\u010detn\u011b nejmlad\u0161\u00edho n\u011bm\u00e9ho chlapce je Martina \u0158i\u010d\u00e1\u0159ov\u00e1 sama. S p\u00e9\u010d\u00ed o Oskara, jeho\u017e \u017eivotn\u00ed cesta je siln\u011b ovlivn\u011bna d\u011btsk\u00fdm autismem a ment\u00e1ln\u00edm posti\u017een\u00edm, j\u00ed p\u00e1rkr\u00e1t do m\u011bs\u00edce vypom\u00e1h\u00e1 takzvan\u00e1 hostitelka.<\/p>\n<p data-debug-redistribute=\"011. \/ 126px \/ 161\">Ve voln\u00e9m \u010dase s dvan\u00e1ctilet\u00fdm hochem chod\u00ed do baz\u00e9nu nebo do 3D kina, spole\u010dn\u011b va\u0159\u00ed nebo nakupuj\u00ed. Ob\u011b \u017eeny se sezn\u00e1mily p\u0159es homesharing: slu\u017ebu, kter\u00e1 i v Libereck\u00e9m kraji spojuje rodiny s lidmi, kte\u0159\u00ed jsou ochotn\u00ed jim alespo\u0148 dvakr\u00e1t v m\u011bs\u00edci zajistit hl\u00edd\u00e1n\u00ed.<\/p>\n<div id=\"space-a\" class=\"col-h\">\n<div class=\"art-full\"><\/div>\n<\/div>\n<div id=\"space-b\" class=\"col-a\">\n<div class=\"art-full\">\n<div data-io-article-url=\"https:\/\/www.idnes.cz\/liberec\/zpravy\/homesharing-hlidani-postizene-deti-handicapovani-socialni-pece-autismus-liberecky-kraj.A241024_823716_liberec-zpravy_lav\" data-article=\"A241024_823716_liberec-zpravy_lav\">\n<div class=\"imagelist imagelist-flex imagelist-fotogal4 imagelist-16ku9\">\n<div class=\"cell\">\n<div class=\"more-gallery\">\n<div class=\"cell\">\u201eOskar dok\u00e1\u017ee podle n\u00e1lady vyd\u00e1vat zvuky, sm\u00e1t se a d\u00e1vat najevo emoce. Ve \u0161kole je neklidn\u00fd, netrp\u011bliv\u00fd, nevydr\u017e\u00ed dlouho prakticky u ni\u010deho. Je to takov\u00fd lev v kleci,\u201c l\u00ed\u010d\u00ed Oskarova matka Martina \u0158i\u010d\u00e1\u0159ov\u00e1.<\/div>\n<\/div>\n<\/div>\n<\/div>\n<div id=\"art-text\" class=\"text\">\n<p data-debug-redistribute=\"004. \/ 354px \/ 328\">D\u00edky homesharingu z\u00edskala p\u00e1r vz\u00e1cn\u00fdch hodin pro sebe i pro ostatn\u00ed dv\u011b d\u011bti, kter\u00fdm se d\u0159\u00edve nemohla v\u011bnovat. \u201eJe mi l\u00edto, \u017ee tu tato slu\u017eba nebyla d\u0159\u00edve, sna\u017eila jsem se vyu\u017e\u00edvat i jin\u00e9 soci\u00e1ln\u00ed slu\u017eby, ale Oskar nem\u011bl o nic z\u00e1jem. Byl prost\u011b sv\u016fj,\u201c vysv\u011btluje. Homesharing mu v\u0161ak sed\u00ed, proto\u017ee tr\u00e1v\u00ed \u010das s hostitelem v p\u0159irozen\u00e9m prost\u0159ed\u00ed tam, kde to m\u00e1 r\u00e1d.<\/p>\n<h3 id=\"--liberecky-a-nove-ustecky-kraj\" class=\"tit\" data-debug-redistribute=\"014. \/ 506px \/ 66\">Libereck\u00fd a nov\u011b \u00dasteck\u00fd kraj<\/h3>\n<p data-debug-redistribute=\"018. \/ 563px \/ -108\">Homesharing, tedy sd\u00edlen\u00e1 p\u00e9\u010de o d\u011bti a dosp\u011bl\u00e9 s autismem, intelektov\u00fdm znev\u00fdhodn\u011bn\u00edm a dal\u0161\u00edmi hendikepy, se za\u010dal v \u010cesku rozv\u00edjet po roce 2017. Tehdy jej v tuzemsku roz\u0161i\u0159ovali z\u00e1stupci pra\u017esk\u00e9 organizace Nad\u011bje pro d\u011bti \u00fapl\u0148ku s podporou nada\u010dn\u00edho fondu Abakus.<\/p>\n<p data-debug-redistribute=\"010. \/ 689px \/ 190\">Od roku 2021 zprost\u0159edkov\u00e1v\u00e1 homesharing na \u00fazem\u00ed Libereck\u00e9ho kraje organizace L\u00edp a spolu. Nov\u011b slu\u017eby nab\u00edz\u00ed i v \u00dasteck\u00e9m kraji, zat\u00edmco v ostatn\u00edch regionech \u010ceska p\u016fsob\u00ed dal\u0161\u00ed organizace.<\/p>\n<p data-debug-redistribute=\"012. \/ 790px \/ 149\">\u201eD\u011bti pozn\u00e1vaj\u00ed jin\u00e9 prost\u0159ed\u00ed, za\u017e\u00edvaj\u00ed nov\u00e9 situace. Z\u00edsk\u00e1vaj\u00ed dal\u0161\u00ed p\u0159\u00e1tele, zku\u0161enosti a dovednosti. Hostitel\u00e9 maj\u00ed p\u0159\u00edle\u017eitost rozv\u00edjet svou empatii, pochopen\u00ed a kreativitu. Mohou se pod\u00edvat na sv\u011bt nov\u00fdma o\u010dima,\u201c popisuje p\u0159\u00ednosy slu\u017eby Radka Ondru\u0161kov\u00e1, p\u0159edsedkyn\u011b spolku L\u00edp a spolu a sou\u010dasn\u011b koordin\u00e1torka homesharingu. Rodi\u010de si b\u011bhem hl\u00edd\u00e1n\u00ed mohou za\u0159\u00eddit b\u011b\u017en\u00e9 z\u00e1le\u017eitosti, na kter\u00e9 jindy nemaj\u00ed \u010das. Nebo si odpo\u010dinout.<\/p>\n<h3 id=\"--hostitelem-muze-byt-jednotlivec-i-rodina\" class=\"tit\" data-debug-redistribute=\"013. \/ 968px \/ 136\">Hostitelem m\u016f\u017ee b\u00fdt jednotlivec i rodina<\/h3>\n<p data-debug-redistribute=\"015. \/ 1025px \/ -38\">Aktu\u00e1ln\u011b m\u00e1 sv\u00e9 hostitele kolem devades\u00e1ti d\u011bt\u00ed v cel\u00e9 republice, t\u0159i sta rodin na n\u011b zat\u00edm \u010dek\u00e1. V Libereck\u00e9m kraji je s hostiteli sp\u00e1rov\u00e1no osm rodin, dal\u0161\u00edch t\u0159icet rodin je hled\u00e1. Hostitelem m\u016f\u017ee b\u00fdt jednotlivec, p\u00e1r i cel\u00e1 rodina.<\/p>\n<p data-debug-redistribute=\"006. \/ 1152px \/ 260\">\u201eSt\u00e1le hled\u00e1me dal\u0161\u00ed lidi s dobr\u00fdm srdcem, kte\u0159\u00ed maj\u00ed chu\u0165 st\u00e1t se kamar\u00e1dy d\u011bt\u00ed s ment\u00e1ln\u00edm znev\u00fdhodn\u011bn\u00edm a obohatit \u017eivot jim i sob\u011b,\u201c konstatuje Ondru\u0161kov\u00e1.<\/p>\n<p data-debug-redistribute=\"007. \/ 1253px \/ 219\">Hostitelem se m\u016f\u017ee st\u00e1t dosp\u011bl\u00fd \u010dlov\u011bk, kter\u00fd m\u00e1 \u010dist\u00fd trestn\u00ed rejst\u0159\u00edk a zvl\u00e1dne \u00fasp\u011b\u0161n\u011b absolvovat p\u0159\u00edpravu. Nadto by m\u011bl m\u00edt respektuj\u00edc\u00ed vztah k lidem s intelektov\u00fdm znev\u00fdhodn\u011bn\u00edm a chu\u0165 jim v\u011bnovat \u010d\u00e1st sv\u00e9ho voln\u00e9ho \u010dasu. Rodiny i z\u00e1jemci o hostitelstv\u00ed se mohou jednodu\u0161e registrovat na webov\u00fdch str\u00e1nk\u00e1ch organizac\u00ed, kter\u00e9 homesharing zprost\u0159edkov\u00e1vaj\u00ed. V Libereck\u00e9m kraji je to web\u00a0<a class=\"text-link\" href=\"https:\/\/www.lipaspolu.cz\/\" target=\"_blank\" rel=\"noopener\">www.lipaspolu.cz<\/a>.<\/p>\n<h3 id=\"---kazde-setkani-je-trochu-jine-\" class=\"tit\" data-debug-redistribute=\"016. \/ 1430px \/ -54\">\u201eKa\u017ed\u00e9 setk\u00e1n\u00ed je trochu jin\u00e9\u201c<\/h3>\n<p data-debug-redistribute=\"019. \/ 1488px \/ -227\">Organizace se nejprve s ob\u011bma \u00fa\u010dastn\u00edky sezn\u00e1m\u00ed a pot\u00e9 je p\u0159ipravuje na samostatn\u00fd homesharing. Prov\u00e1z\u00ed je touto zku\u0161enost\u00ed po celou dobu. \u201eTak je zaji\u0161t\u011bna co nejv\u011bt\u0161\u00ed m\u00edra bezpe\u010d\u00ed a podpory pro v\u0161echny z\u00fa\u010dastn\u011bn\u00e9,\u201c m\u00edn\u00ed Ondru\u0161kov\u00e1.<\/p>\n<p data-debug-redistribute=\"003. \/ 1614px \/ 331\">Hostitelka Veronika Pavl\u00edkov\u00e1 se s Oskarem v\u00edd\u00e1 p\u0159ibli\u017en\u011b dvakr\u00e1t m\u011bs\u00ed\u010dn\u011b v odpoledn\u00edch hodin\u00e1ch, tr\u00e1v\u00ed spolu dv\u011b a\u017e \u010dty\u0159i hodiny. Ka\u017ed\u00e9 setk\u00e1n\u00ed je pr\u00fd trochu jin\u00e9, dozv\u00eddaj\u00ed se na nich o sob\u011b v\u017edy n\u011bco nov\u00e9ho.<\/p>\n<p data-debug-redistribute=\"001. \/ 1715px \/ 639\">Pavl\u00edkov\u00e1 sice p\u016fsob\u00ed ve speci\u00e1ln\u00ed \u0161kole a m\u00e1 vystudovan\u00fd pedagogicky zam\u011b\u0159en\u00fd obor, b\u011bhem prvn\u00edho kontaktu s Oskarem v\u0161ak usoudila, \u017ee speci\u00e1ln\u00ed vzd\u011bl\u00e1n\u00ed nen\u00ed nutn\u00e9. \u201eNaopak jsem m\u011bla pocit, \u017ee jsou mi v\u0161echny ty znalosti trochu na \u0161kodu,\u201c p\u0159izn\u00e1v\u00e1. Sou\u010dasn\u011b povzbuzuje potenci\u00e1ln\u00ed hostitele: \u201eB\u011b\u017ete do toho! Mysl\u00edm, \u017ee v\u00e1s to moc obohat\u00ed, a rodin\u011b na druh\u00e9 stran\u011b v mnoha situac\u00edch pom\u016f\u017ee.<\/p>\n<p data-debug-redistribute=\"008. \/ 1892px \/ 216\">\u201eK homesharingu se dostala p\u0159es vlastn\u00ed zku\u0161enosti z domova. \u201eVyr\u016fstala jsem s mlad\u0161\u00ed sestrou, kter\u00e9 diagnostikovali atypick\u00fd autismus a ment\u00e1ln\u00ed retardaci. Na\u0161e rodina dostala nab\u00eddku zapojit se do homesharingu, a naj\u00edt tak hostitele pro moji sest\u0159i\u010dku. Kdy\u017e jsem vid\u011bla, jak\u00e9 benefity to p\u0159in\u00e1\u0161\u00ed na\u0161\u00ed cel\u00e9 rodin\u011b, rozhodla jsem se sama zapojit jako hostitelka,\u201c popisuje svou motivaci. Sch\u016fzky s Oskarem ji nau\u010dily zpomalit a u\u017e\u00edvat si s n\u00edm spole\u010dn\u00fd \u010das naplno. Vn\u00edmat v\u0161e intenzivn\u011bji a t\u011b\u0161it se z mali\u010dkost\u00ed.<\/p>\n<div id=\"space-b\" class=\"col-a\">\n<div class=\"art-full\">\n<div data-io-article-url=\"https:\/\/www.idnes.cz\/liberec\/zpravy\/homesharing-hlidani-postizene-deti-handicapovani-socialni-pece-autismus-liberecky-kraj.A241024_823716_liberec-zpravy_lav\" data-article=\"A241024_823716_liberec-zpravy_lav\">\n<div id=\"art-text\" class=\"text\">\n<h3 id=\"--rodinam-chybi-informace\" class=\"tit\" data-debug-redistribute=\"017. \/ 2096px \/ -67\">Rodin\u00e1m chyb\u00ed informace<\/h3>\n<p data-debug-redistribute=\"020. \/ 2153px \/ -241\">\u201eMysl\u00edm, \u017ee tyto v\u011bci jsou v dne\u0161n\u00ed dob\u011b opravdu cenn\u00e9. A a\u0165 p\u0159em\u00fd\u0161l\u00edm sebev\u00edc, nedok\u00e1\u017eu si vybavit jedinou v\u011bc, kterou by mi homesharing snad sebral,\u201c dod\u00e1v\u00e1 Pavl\u00edkov\u00e1, jej\u00ed\u017e p\u00e9\u010di si matka Oskara velice pochvaluje. Od jara 2023, kdy Martina \u0158i\u010d\u00e1\u0159ov\u00e1 coby z\u00e1jemce o homesharing absolvovala prvn\u00ed online sch\u016fzku, musely ob\u011b uj\u00edt je\u0161t\u011b kus cesty, aby se mohly v jej\u00edm pomysln\u00e9m st\u0159edu setkat.<\/p>\n<p data-debug-redistribute=\"005. \/ 2331px \/ 297\">\u201eProces p\u0159\u00edpravy a p\u00e1rov\u00e1n\u00ed s hostitelem byl pom\u011brn\u011b dlouh\u00fd, ale dalo mi to dobr\u00fd pocit a jistotu, \u017ee n\u00e1\u0161 hostitel bude n\u011bjak\u00fdm zp\u016fsobem prov\u011b\u0159en\u00fd,\u201c sv\u011b\u0159uje se samo\u017eivitelka. \u201eMysl\u00edm, \u017ee v\u016fbec nejde o to, jestli rodina v\u00e1h\u00e1 s homesharingem. Ona t\u0159eba ani nev\u00ed, \u017ee n\u011bco takov\u00e9ho v\u016fbec existuje. M\u00e1lo se o t\u00e9to mo\u017enosti tr\u00e1ven\u00ed \u010dasu s hostitelem mluv\u00ed. Rodiny nemaj\u00ed informace,\u201c domn\u00edv\u00e1 se \u0158i\u010d\u00e1\u0159ov\u00e1. Celkov\u011b podle n\u00ed chyb\u00ed osv\u011bta a prov\u00e1zanost slu\u017eeb pro rodi\u010de a d\u011bti s poruchami autistick\u00e9ho spektra.<\/p>\n<p data-debug-redistribute=\"009. \/ 2534px \/ 213\">Organizace L\u00edp a spolu uspo\u0159\u00e1dala koncem z\u00e1\u0159\u00ed v\u00edkendov\u00fd pobyt v hotelu Port u M\u00e1chova jezera, na n\u011bj\u017e pozvala rodiny, pro kter\u00e9 hled\u00e1 v kraji vhodn\u00e9 hostitele, d\u00e1le budouc\u00ed hostitelku a rodinu, kter\u00e1 je ji\u017e do homesharingu dlouhodob\u011b zapojen\u00e1. D\u011btem se \u010d\u00e1st pobytu v\u011bnovaly asistentky, aby jejich rodi\u010de m\u011bli \u010das na sd\u00edlen\u00ed sv\u00fdch zku\u0161enost\u00ed i na odpo\u010dinek. Nadto si mohli s odbornic\u00ed promluvit o mo\u017enostech, o\u010dek\u00e1v\u00e1n\u00edch i obav\u00e1ch, kter\u00e1 v souvislosti s homesharingem maj\u00ed.<\/p>\n<p data-debug-redistribute=\"009. \/ 2534px \/ 213\">\n<\/div>\n<\/div>\n<\/div>\n<\/div>\n<\/div>\n<\/div>\n<\/div>\n<\/div>\n<p>Zdroj:\u00a0<a href=\"https:\/\/www.idnes.cz\/liberec\/zpravy\/homesharing-hlidani-postizene-deti-handicapovani-socialni-pece-autismus-liberecky-kraj.A241024_823716_liberec-zpravy_lav\">https:\/\/www.idnes.cz\/liberec\/zpravy\/homesharing-hlidani-postizene-deti-handicapovani-socialni-pece-autismus-liberecky-kraj.A241024_823716_liberec-zpravy_lav<\/a><\/p>\n<p>Foto: Archiv L\u00edp a spolu<\/p>\n","protected":false},"excerpt":{"rendered":"<p>Sd\u00edl\u00edme \u010dl\u00e1nek od Lady V\u00e1lkov\u00e9 z idnes.cz, kter\u00fd vypr\u00e1v\u00ed o homesharingu, tedy sd\u00edlen\u00e9 p\u00e9\u010di o d\u011bti a dosp\u011bl\u00e9 s autismem,<\/p>\n","protected":false},"author":20,"featured_media":3626,"comment_status":"closed","ping_status":"closed","sticky":false,"template":"","format":"standard","meta":{"om_disable_all_campaigns":false,"_monsterinsights_skip_tracking":false,"_monsterinsights_sitenote_active":false,"_monsterinsights_sitenote_note":"","_monsterinsights_sitenote_category":0,"footnotes":""},"categories":[93],"tags":[],"aioseo_notices":[],"_links":{"self":[{"href":"https:\/\/lk.regionalnidobrovolnickecentrum.cz\/subdom\/lk\/wp-json\/wp\/v2\/posts\/3625"}],"collection":[{"href":"https:\/\/lk.regionalnidobrovolnickecentrum.cz\/subdom\/lk\/wp-json\/wp\/v2\/posts"}],"about":[{"href":"https:\/\/lk.regionalnidobrovolnickecentrum.cz\/subdom\/lk\/wp-json\/wp\/v2\/types\/post"}],"author":[{"embeddable":true,"href":"https:\/\/lk.regionalnidobrovolnickecentrum.cz\/subdom\/lk\/wp-json\/wp\/v2\/users\/20"}],"replies":[{"embeddable":true,"href":"https:\/\/lk.regionalnidobrovolnickecentrum.cz\/subdom\/lk\/wp-json\/wp\/v2\/comments?post=3625"}],"version-history":[{"count":2,"href":"https:\/\/lk.regionalnidobrovolnickecentrum.cz\/subdom\/lk\/wp-json\/wp\/v2\/posts\/3625\/revisions"}],"predecessor-version":[{"id":3628,"href":"https:\/\/lk.regionalnidobrovolnickecentrum.cz\/subdom\/lk\/wp-json\/wp\/v2\/posts\/3625\/revisions\/3628"}],"wp:featuredmedia":[{"embeddable":true,"href":"https:\/\/lk.regionalnidobrovolnickecentrum.cz\/subdom\/lk\/wp-json\/wp\/v2\/media\/3626"}],"wp:attachment":[{"href":"https:\/\/lk.regionalnidobrovolnickecentrum.cz\/subdom\/lk\/wp-json\/wp\/v2\/media?parent=3625"}],"wp:term":[{"taxonomy":"category","embeddable":true,"href":"https:\/\/lk.regionalnidobrovolnickecentrum.cz\/subdom\/lk\/wp-json\/wp\/v2\/categories?post=3625"},{"taxonomy":"post_tag","embeddable":true,"href":"https:\/\/lk.regionalnidobrovolnickecentrum.cz\/subdom\/lk\/wp-json\/wp\/v2\/tags?post=3625"}],"curies":[{"name":"wp","href":"https:\/\/api.w.org\/{rel}","templated":true}]}}