{"id":3675,"date":"2025-01-14T13:10:07","date_gmt":"2025-01-14T12:10:07","guid":{"rendered":"https:\/\/lk.regionalnidobrovolnickecentrum.cz\/subdom\/lk\/?p=3675"},"modified":"2025-02-06T11:27:44","modified_gmt":"2025-02-06T10:27:44","slug":"sestersky-tandem-pomaha-kde-se-da","status":"publish","type":"post","link":"https:\/\/lk.regionalnidobrovolnickecentrum.cz\/subdom\/lk\/sestersky-tandem-pomaha-kde-se-da\/","title":{"rendered":"Sestersk\u00fd tandem pom\u00e1h\u00e1, kde se d\u00e1"},"content":{"rendered":"<p>\u201eN\u011bkdo si chce popov\u00eddat, s n\u011bk\u00fdm lu\u0161t\u00edme k\u0159\u00ed\u017eovky, sudoku nebo hrajeme hry. Jsou samoz\u0159ejm\u011b momenty, kdy se nemluv\u00ed, to potom \u010dlov\u011bka vezmeme za ruku a spole\u010dn\u011b ml\u010d\u00edme. N\u011bkdy tak\u00e9 spole\u010dn\u011b tvo\u0159\u00edme a vyr\u00e1b\u00edme,&#8221; p\u0159ibli\u017euje\u00a0 Vendula Bene\u0161ov\u00e1 sv\u016fj \u010das, kter\u00fd tr\u00e1v\u00ed jako dobrovolnice na onkologick\u00e9m odd\u011blen\u00ed libereck\u00e9 nemocnice, kam doch\u00e1z\u00ed spolu se svou sestrou Kl\u00e1rou Sehnoutkovou. Tento sestersk\u00fd tandem vyhr\u00e1l koncem roku <a href=\"https:\/\/lk.regionalnidobrovolnickecentrum.cz\/subdom\/lk\/zname-drzitele-sesti-kresadel-libereckeho-kraje\/\">2024 cenu K\u0159esadlo<\/a>, kter\u00e1 se ka\u017edoro\u010dn\u011b ud\u00edl\u00ed dobrovoln\u00edk\u016fm za jejich mimo\u0159\u00e1dnou \u010dinnost.<\/p>\n<figure id=\"attachment_3671\" aria-describedby=\"caption-attachment-3671\" style=\"width: 300px\" class=\"wp-caption alignright\"><img loading=\"lazy\" decoding=\"async\" class=\"wp-image-3671 size-medium\" src=\"https:\/\/lk.regionalnidobrovolnickecentrum.cz\/subdom\/lk\/wp-content\/uploads\/2020\/07\/IMG_4496-300x200.jpg\" alt=\"\" width=\"300\" height=\"200\" srcset=\"https:\/\/lk.regionalnidobrovolnickecentrum.cz\/subdom\/lk\/wp-content\/uploads\/2020\/07\/IMG_4496-300x200.jpg 300w, https:\/\/lk.regionalnidobrovolnickecentrum.cz\/subdom\/lk\/wp-content\/uploads\/2020\/07\/IMG_4496-1024x683.jpg 1024w, https:\/\/lk.regionalnidobrovolnickecentrum.cz\/subdom\/lk\/wp-content\/uploads\/2020\/07\/IMG_4496-768x512.jpg 768w, https:\/\/lk.regionalnidobrovolnickecentrum.cz\/subdom\/lk\/wp-content\/uploads\/2020\/07\/IMG_4496-1536x1024.jpg 1536w, https:\/\/lk.regionalnidobrovolnickecentrum.cz\/subdom\/lk\/wp-content\/uploads\/2020\/07\/IMG_4496-2048x1365.jpg 2048w\" sizes=\"(max-width: 300px) 100vw, 300px\" \/><figcaption id=\"caption-attachment-3671\" class=\"wp-caption-text\">Sestry s maminkou na p\u0159ed\u00e1v\u00e1n\u00ed ceny K\u0159esadlo<\/figcaption><\/figure>\n<p>\u0160\u00ed\u0159e pomoci sestersk\u00e9ho dua je opravdu obdivuhodn\u00e1.\u00a0\u00a0Ob\u011b sestry se anga\u017euj\u00ed u organizace <a href=\"https:\/\/www.amelie-zs.cz\/liberecko\/\">Amelie z.s.<\/a>. Pravideln\u011b doch\u00e1zej\u00ed za onkologick\u00fdmi pacienty a sna\u017e\u00ed se jim zpest\u0159it v\u0161edn\u00ed dny na l\u016f\u017eku. Mimo to ale pom\u00e1haj\u00ed p\u0159i r\u016fzn\u00fdch charitativn\u00edch akc\u00edch, t\u0159eba pro d\u011btskou psychiatrii nebo d\u011btsk\u00fd domov v Motole.\u00a0 Sestry si v minul\u00e9m roce vzaly v Chrastav\u011b na starost Kyti\u010dkov\u00fd den a zorganizuj\u00ed i ten leto\u0161n\u00ed. Kl\u00e1ra se po ni\u010div\u00fdch povodn\u00edch v Chrastav\u011b v roce 2010 anga\u017eovala p\u0159i tvorb\u011b charitativn\u00edho povod\u0148ov\u00e9ho kalend\u00e1\u0159e a krom\u011b toho je i se svou rodinou <a href=\"https:\/\/www.dobryandel.cz\/\">Dobr\u00fdm and\u011blem<\/a>.<\/p>\n<p>&nbsp;<\/p>\n<p>&nbsp;<\/p>\n<p>Koordin\u00e1torka dobrovoln\u00edk\u016f v Am\u00e9lii, kter\u00e1 Kl\u00e1ru a Vendulu na cenu K\u0159esadlo nominovala, o nich \u0159\u00edk\u00e1:<\/p>\n<blockquote><p>&#8220;Jsou hnac\u00edm motorem cel\u00e9 dobrovolnick\u00e9 skupiny, maj\u00ed hlavu plnou n\u00e1pad\u016f, kter\u00e9 um\u00ed i zrealizovat, a to velmi \u00fasp\u011b\u0161n\u011b. Jsou to dobrovoln\u00edci, na kter\u00e9 je spoleh a na kter\u00e9 se m\u016f\u017eeme kdykoliv obr\u00e1tit s prosbou o pomoc. Pomohou v\u017edy a v\u00edce, ne\u017e jsme o\u010dek\u00e1vali. A hlavn\u011b chci vyzdvihnout skute\u010dnost, \u017ee jejich \u010dinnost je o to v\u00edce cen\u011bn\u00e1, proto\u017ee ob\u011b maj\u00ed pr\u00e1ci, rodi\u010de a sv\u00e9 vlastn\u00ed rodiny. P\u0159es to p\u0159ese v\u0161echno si najdou \u010das, sednou do auta a u pacient\u016f tr\u00e1v\u00ed sv\u016fj voln\u00fd \u010das &#8211; a r\u00e1dy.&#8221;<\/p><\/blockquote>\n<p>Pod\u00edvejte se na medailonek, kter\u00fd byl o sestr\u00e1ch nato\u010den\u00fd pro \u00fa\u010dely slavnostn\u00edho ud\u00edlen\u00ed dobrovolnick\u00e9 ceny K\u0159esadlo.<\/p>\n<div style=\"width: 800px;\" class=\"wp-video\"><!--[if lt IE 9]><script>document.createElement('video');<\/script><![endif]-->\n<video class=\"wp-video-shortcode\" id=\"video-3675-1\" width=\"800\" height=\"450\" preload=\"metadata\" controls=\"controls\"><source type=\"video\/mp4\" src=\"https:\/\/lk.regionalnidobrovolnickecentrum.cz\/subdom\/lk\/wp-content\/uploads\/2020\/07\/2-Sesterske-duo.mp4?_=1\" \/><a href=\"https:\/\/lk.regionalnidobrovolnickecentrum.cz\/subdom\/lk\/wp-content\/uploads\/2020\/07\/2-Sesterske-duo.mp4\">https:\/\/lk.regionalnidobrovolnickecentrum.cz\/subdom\/lk\/wp-content\/uploads\/2020\/07\/2-Sesterske-duo.mp4<\/a><\/video><\/div>\n<p>&nbsp;<\/p>\n","protected":false},"excerpt":{"rendered":"<p>\u201eN\u011bkdo si chce popov\u00eddat, s n\u011bk\u00fdm lu\u0161t\u00edme k\u0159\u00ed\u017eovky, sudoku nebo hrajeme hry. Jsou samoz\u0159ejm\u011b momenty, kdy se nemluv\u00ed, to potom<\/p>\n","protected":false},"author":20,"featured_media":3669,"comment_status":"closed","ping_status":"closed","sticky":false,"template":"","format":"standard","meta":{"om_disable_all_campaigns":false,"_monsterinsights_skip_tracking":false,"_monsterinsights_sitenote_active":false,"_monsterinsights_sitenote_note":"","_monsterinsights_sitenote_category":0,"footnotes":""},"categories":[92],"tags":[],"aioseo_notices":[],"_links":{"self":[{"href":"https:\/\/lk.regionalnidobrovolnickecentrum.cz\/subdom\/lk\/wp-json\/wp\/v2\/posts\/3675"}],"collection":[{"href":"https:\/\/lk.regionalnidobrovolnickecentrum.cz\/subdom\/lk\/wp-json\/wp\/v2\/posts"}],"about":[{"href":"https:\/\/lk.regionalnidobrovolnickecentrum.cz\/subdom\/lk\/wp-json\/wp\/v2\/types\/post"}],"author":[{"embeddable":true,"href":"https:\/\/lk.regionalnidobrovolnickecentrum.cz\/subdom\/lk\/wp-json\/wp\/v2\/users\/20"}],"replies":[{"embeddable":true,"href":"https:\/\/lk.regionalnidobrovolnickecentrum.cz\/subdom\/lk\/wp-json\/wp\/v2\/comments?post=3675"}],"version-history":[{"count":12,"href":"https:\/\/lk.regionalnidobrovolnickecentrum.cz\/subdom\/lk\/wp-json\/wp\/v2\/posts\/3675\/revisions"}],"predecessor-version":[{"id":3716,"href":"https:\/\/lk.regionalnidobrovolnickecentrum.cz\/subdom\/lk\/wp-json\/wp\/v2\/posts\/3675\/revisions\/3716"}],"wp:featuredmedia":[{"embeddable":true,"href":"https:\/\/lk.regionalnidobrovolnickecentrum.cz\/subdom\/lk\/wp-json\/wp\/v2\/media\/3669"}],"wp:attachment":[{"href":"https:\/\/lk.regionalnidobrovolnickecentrum.cz\/subdom\/lk\/wp-json\/wp\/v2\/media?parent=3675"}],"wp:term":[{"taxonomy":"category","embeddable":true,"href":"https:\/\/lk.regionalnidobrovolnickecentrum.cz\/subdom\/lk\/wp-json\/wp\/v2\/categories?post=3675"},{"taxonomy":"post_tag","embeddable":true,"href":"https:\/\/lk.regionalnidobrovolnickecentrum.cz\/subdom\/lk\/wp-json\/wp\/v2\/tags?post=3675"}],"curies":[{"name":"wp","href":"https:\/\/api.w.org\/{rel}","templated":true}]}}