{"id":3687,"date":"2025-01-21T14:10:46","date_gmt":"2025-01-21T13:10:46","guid":{"rendered":"https:\/\/lk.regionalnidobrovolnickecentrum.cz\/subdom\/lk\/?p=3687"},"modified":"2025-01-23T20:43:01","modified_gmt":"2025-01-23T19:43:01","slug":"brzy-odstartuji-tydny-pro-neziskovy-sektor","status":"publish","type":"post","link":"https:\/\/lk.regionalnidobrovolnickecentrum.cz\/subdom\/lk\/brzy-odstartuji-tydny-pro-neziskovy-sektor\/","title":{"rendered":"Brzy odstartuj\u00ed T\u00fddny pro neziskov\u00fd sektor!"},"content":{"rendered":"<div class=\"elementor-element elementor-element-378f051 elementor-widget__width-initial elementor-widget-tablet__width-initial elementor-widget elementor-widget-text-editor\" data-id=\"378f051\" data-element_type=\"widget\" data-widget_type=\"text-editor.default\">\n<div class=\"elementor-widget-container\">\n<p>Pom\u00e1hat je radost. Sd\u00edlejme ji spole\u010dn\u011b. Je mnoho lid\u00ed, kte\u0159\u00ed n\u00e1m nab\u00eddnou pomocnou ruku a pochop\u00ed n\u00e1s ve chv\u00edli, kdy to pot\u0159ebujeme. V\u00e1\u017e\u00edme si t\u011bchto lid\u00ed a jejich pr\u00e1ce v neziskov\u00fdch organizac\u00edch v Libereck\u00e9m kraji a n\u011bkolikr\u00e1t do roka pro n\u011b organizujeme nejr\u016fzn\u011bj\u0161\u00ed akce.<\/p>\n<p>T\u00fdnes je spole\u010dn\u00e1 iniciativa <a href=\"https:\/\/lk.regionalnidobrovolnickecentrum.cz\/subdom\/lk\/\">Region\u00e1ln\u00edho dobrovolnick\u00e9ho centra Libereck\u00e9ho kraje<\/a>\/<a href=\"https:\/\/adra.cz\/jak-pomahame\/dobrovolnictvi\/liberec\/\">ADRA<\/a> a <a href=\"https:\/\/www.facebook.com\/asociacennolk\/\">Asociace nest\u00e1tn\u00edch neziskov\u00fdch organizac\u00ed Libereck\u00e9ho kraje<\/a>.<\/p>\n<\/div>\n<\/div>\n<p>T\u011b\u0161it se m\u016f\u017eete nejen na p\u0159edstaven\u00ed nejr\u016fzn\u011bj\u0161\u00edch neziskov\u00fdch organizac\u00ed Libereck\u00e9ho kraje a jejich tematick\u00fdch workshop\u016f a p\u0159edn\u00e1\u0161ek, ale tak\u00e9 na koncerty. Je t\u0159eba jmenovat benefi\u010dn\u00ed koncert houslisty Jaroslava Sv\u011bcen\u00e9ho a ka\u017edoro\u010dn\u00ed Koncert pro dobrovoln\u00edky. Poslechnout si m\u016f\u017eeme i r\u016fzn\u00e1 uskupen\u00ed ZU\u0160 i dechov\u00e9 soubory Zob\u00e1\u010dek, Lasi\u010dky a Dvoupl\u00e1tkov\u00fd quartet. Chyb\u011bt nebudou ani besedy a diskuze \u010di cestovatelsk\u00fd ve\u010der pln\u00fd fotek z Kostariky. Zkr\u00e1tka nab\u00eddka je \u0161irok\u00e1! Podrobn\u011bj\u0161\u00ed program naleznete na <a href=\"https:\/\/www.tynes.cz\/krajske-tydny-pro-neziskovy-sektor\/\">str\u00e1nk\u00e1ch T\u00fdnes<\/a>.<\/p>\n<p><strong>KDE?<\/strong> V Krajsk\u00e9 v\u011bdeck\u00e9 knihovn\u011b v Liberci.<\/p>\n<p><strong>KDY? <\/strong>Od 29.1. do 27.2.<\/p>\n<p><strong>CO?<\/strong> Budou pro V\u00e1s p\u0159ipraveny p\u0159edn\u00e1\u0161ky, v\u00fdstava, p\u0159edstaven\u00ed pr\u00e1ce neziskovek, workshopy, koncerty a mnohem v\u00edce.<\/p>\n<p><strong>ZA KOLIK? <\/strong>Vstup je voln\u00fd na v\u0161echny akce.<\/p>\n<p><img loading=\"lazy\" decoding=\"async\" class=\"alignnone wp-image-3693\" src=\"https:\/\/lk.regionalnidobrovolnickecentrum.cz\/subdom\/lk\/wp-content\/uploads\/2020\/07\/Tynes-212x300.jpg\" alt=\"\" width=\"829\" height=\"1173\" srcset=\"https:\/\/lk.regionalnidobrovolnickecentrum.cz\/subdom\/lk\/wp-content\/uploads\/2020\/07\/Tynes-212x300.jpg 212w, https:\/\/lk.regionalnidobrovolnickecentrum.cz\/subdom\/lk\/wp-content\/uploads\/2020\/07\/Tynes-724x1024.jpg 724w, https:\/\/lk.regionalnidobrovolnickecentrum.cz\/subdom\/lk\/wp-content\/uploads\/2020\/07\/Tynes-768x1086.jpg 768w, https:\/\/lk.regionalnidobrovolnickecentrum.cz\/subdom\/lk\/wp-content\/uploads\/2020\/07\/Tynes-1086x1536.jpg 1086w, https:\/\/lk.regionalnidobrovolnickecentrum.cz\/subdom\/lk\/wp-content\/uploads\/2020\/07\/Tynes.jpg 1190w\" sizes=\"(max-width: 829px) 100vw, 829px\" \/><\/p>\n<p>&nbsp;<\/p>\n","protected":false},"excerpt":{"rendered":"<p>Pom\u00e1hat je radost. Sd\u00edlejme ji spole\u010dn\u011b. Je mnoho lid\u00ed, kte\u0159\u00ed n\u00e1m nab\u00eddnou pomocnou ruku a pochop\u00ed n\u00e1s ve chv\u00edli, kdy<\/p>\n","protected":false},"author":20,"featured_media":3706,"comment_status":"closed","ping_status":"closed","sticky":false,"template":"","format":"standard","meta":{"om_disable_all_campaigns":false,"_monsterinsights_skip_tracking":false,"_monsterinsights_sitenote_active":false,"_monsterinsights_sitenote_note":"","_monsterinsights_sitenote_category":0,"footnotes":""},"categories":[2],"tags":[],"aioseo_notices":[],"_links":{"self":[{"href":"https:\/\/lk.regionalnidobrovolnickecentrum.cz\/subdom\/lk\/wp-json\/wp\/v2\/posts\/3687"}],"collection":[{"href":"https:\/\/lk.regionalnidobrovolnickecentrum.cz\/subdom\/lk\/wp-json\/wp\/v2\/posts"}],"about":[{"href":"https:\/\/lk.regionalnidobrovolnickecentrum.cz\/subdom\/lk\/wp-json\/wp\/v2\/types\/post"}],"author":[{"embeddable":true,"href":"https:\/\/lk.regionalnidobrovolnickecentrum.cz\/subdom\/lk\/wp-json\/wp\/v2\/users\/20"}],"replies":[{"embeddable":true,"href":"https:\/\/lk.regionalnidobrovolnickecentrum.cz\/subdom\/lk\/wp-json\/wp\/v2\/comments?post=3687"}],"version-history":[{"count":6,"href":"https:\/\/lk.regionalnidobrovolnickecentrum.cz\/subdom\/lk\/wp-json\/wp\/v2\/posts\/3687\/revisions"}],"predecessor-version":[{"id":3707,"href":"https:\/\/lk.regionalnidobrovolnickecentrum.cz\/subdom\/lk\/wp-json\/wp\/v2\/posts\/3687\/revisions\/3707"}],"wp:featuredmedia":[{"embeddable":true,"href":"https:\/\/lk.regionalnidobrovolnickecentrum.cz\/subdom\/lk\/wp-json\/wp\/v2\/media\/3706"}],"wp:attachment":[{"href":"https:\/\/lk.regionalnidobrovolnickecentrum.cz\/subdom\/lk\/wp-json\/wp\/v2\/media?parent=3687"}],"wp:term":[{"taxonomy":"category","embeddable":true,"href":"https:\/\/lk.regionalnidobrovolnickecentrum.cz\/subdom\/lk\/wp-json\/wp\/v2\/categories?post=3687"},{"taxonomy":"post_tag","embeddable":true,"href":"https:\/\/lk.regionalnidobrovolnickecentrum.cz\/subdom\/lk\/wp-json\/wp\/v2\/tags?post=3687"}],"curies":[{"name":"wp","href":"https:\/\/api.w.org\/{rel}","templated":true}]}}