{"id":3717,"date":"2025-02-06T12:53:13","date_gmt":"2025-02-06T11:53:13","guid":{"rendered":"https:\/\/lk.regionalnidobrovolnickecentrum.cz\/subdom\/lk\/?p=3717"},"modified":"2025-02-06T12:53:13","modified_gmt":"2025-02-06T11:53:13","slug":"uklidme-cesko-2025-na-den-zeber-odpadek-seber","status":"publish","type":"post","link":"https:\/\/lk.regionalnidobrovolnickecentrum.cz\/subdom\/lk\/uklidme-cesko-2025-na-den-zeber-odpadek-seber\/","title":{"rendered":"Ukli\u010fme \u010cesko 2025: Na Den zeber odpadek seber!"},"content":{"rendered":"<p><strong>V\u011bd\u011bli jste, \u017ee 31. leden byl\u00a0dnem zeber? Tento den v\u00a0<a href=\"https:\/\/www.ekokalendar.cz\/\">EKOkalend\u00e1\u0159i<\/a>\u00a0spolku Ukli\u010fme \u010cesko p\u0159ipom\u00edn\u00e1 nejen ochranu p\u0159\u00edrody a p\u0159edev\u0161\u00edm africk\u00fdch zeber, ale z\u00e1rove\u0148 upozor\u0148uje na to, \u017ee zb\u00fdvaj\u00ed u\u017e jen necel\u00e9 dva m\u011bs\u00edce do hlavn\u00ed \u00faklidov\u00e9 akce leto\u0161n\u00edho roku. A stejn\u011b jako zebra d\u00edky sv\u00fdm v\u00fdrazn\u00fdm pruh\u016fm neunikne na savan\u011b pozornosti, nem\u011bly by ani odpadky z\u016fstat bez pov\u0161imnut\u00ed \u2013 sehnout se pro n\u011b m\u016f\u017ee ka\u017ed\u00fd z n\u00e1s kdykoliv.<\/strong><!--more--><\/p>\n<p>Hlavn\u00ed term\u00edn leto\u0161n\u00edho ro\u010dn\u00edku\u00a0<strong>Ukli\u010fme \u010cesko<\/strong>\u00a0p\u0159ipad\u00e1 na sobotu\u00a0<strong>29. b\u0159ezna 2025<\/strong>. Organiz\u00e1to\u0159i o\u010dek\u00e1vaj\u00ed, \u017ee i letos se zapoj\u00ed des\u00edtky tis\u00edc dobrovoln\u00edk\u016f, kte\u0159\u00ed budou ukl\u00edzet parky, ulice, okol\u00ed vodn\u00edch tok\u016f i lesy. Na webu\u00a0<strong><a href=\"http:\/\/www.uklidmecesko.cz\/\" target=\"_new\" rel=\"noopener\">www.UklidmeCesko.cz<\/a><\/strong>\u00a0je u\u017e nyn\u00ed nahl\u00e1\u0161eno\u00a0<strong>n\u011bkolik stovek pl\u00e1novan\u00fdch \u00faklidov\u00fdch akc\u00ed<\/strong>, a dal\u0161\u00ed des\u00edtky ka\u017ed\u00fd den p\u0159ib\u00fdvaj\u00ed. Organiz\u00e1to\u0159i si mohou na str\u00e1nk\u00e1ch zaregistrovat sv\u016fj \u00faklid a za\u017e\u00e1dat o dod\u00e1n\u00ed pytl\u016f a rukavic, kter\u00e9 budou pro dobrovoln\u00edky p\u0159ipraveny. \u201eVloni jsme spole\u010dn\u00fdmi silami zapojili bezm\u00e1la\u00a0<strong>200 000 dobrovoln\u00edk\u016f<\/strong>, kte\u0159\u00ed odstranili z\u00a0p\u0159\u00edrody na\u00a0<strong>1 400 tun odpadu<\/strong>. Letos douf\u00e1me, \u017ee na tento \u00fasp\u011bch nav\u00e1\u017eeme a p\u0159isp\u011bjeme k\u00a0\u010distot\u011b na\u0161eho okol\u00ed je\u0161t\u011b v\u00edc,\u201c uvedl Radek Janou\u0161ek ze spolku Ukli\u010fme \u010cesko.<\/p>\n<p><strong>Aplikace KAMsNIM.cz: Cesta k\u00a0omezen\u00ed produkce odpadu<\/strong><\/p>\n<p>Spolek Ukli\u010fme \u010cesko nejen organizuje \u00faklidy, ale tak\u00e9 pom\u00e1h\u00e1 ve\u0159ejnosti l\u00e9pe ch\u00e1pat problematiku odpadov\u00e9ho hospod\u00e1\u0159stv\u00ed. D\u016fle\u017eit\u00fdm n\u00e1strojem k\u00a0tomu je aplikace\u00a0<strong>KAMsNIM.cz<\/strong>, kter\u00e1 rad\u00ed, jak spr\u00e1vn\u011b nakl\u00e1dat s\u00a0odpady a dal\u0161\u00edmi necht\u011bn\u00fdmi v\u011bcmi. Zahrnuje p\u0159es\u00a0<strong>150 000 odb\u011brn\u00fdch m\u00edst<\/strong>\u00a0po cel\u00e9 \u010cesk\u00e9 republice a pom\u00e1h\u00e1 u\u017eivatel\u016fm naj\u00edt nejbli\u017e\u0161\u00ed m\u00edsto nejen pro odevzd\u00e1n\u00ed doslou\u017eiv\u0161\u00edch elektrospot\u0159ebi\u010d\u016f, pro\u0161l\u00fdch l\u00e9k\u016f, pou\u017eit\u00fdch pneumatik, ale p\u0159edev\u0161\u00edm\u00a0<strong>\u010dehokoliv, co je\u0161t\u011b m\u016f\u017ee nal\u00e9zt dal\u0161\u00ed vyu\u017eit\u00ed.<\/strong>\u00a0\u201eKAMsNIM.cz je nyn\u00ed ve skv\u011bl\u00e9 kondici, nebo\u0165 v\u00a0lo\u0148sk\u00e9m roce z\u00edskala administra\u010dn\u00ed n\u00e1stavbu pro spr\u00e1vu \u201eodpadov\u00fdch\u201c m\u00edst, d\u00edky kter\u00e9 mohou obce a dal\u0161\u00ed subjekty udr\u017eovat data o sb\u011brn\u00fdch m\u00edstech st\u00e1le aktu\u00e1ln\u00ed. Letos se zam\u011b\u0159\u00edme p\u0159edev\u0161\u00edm na dal\u0161\u00ed roz\u0161\u00ed\u0159en\u00ed aplikace mezi u\u017eivatele,\u201c uvedl jej\u00ed autor, Miroslav Kub\u00e1sek.<\/p>\n<p><strong>P\u0159ipojte se k Ukli\u010fme \u010cesko 2025!<\/strong><\/p>\n<p>\u201eUvid\u00edme se nejpozd\u011bji 29. b\u0159ezna p\u0159i \u00faklidu na\u0161ich m\u011bst, obc\u00ed a p\u0159\u00edrody. Do t\u00e9 doby ale m\u016f\u017eete za\u010d\u00edt u\u017e nyn\u00ed t\u0159eba t\u00edm, \u017ee na\u00a0<a href=\"http:\/\/www.kamsnim.cz\/\">www.KAMsNIM.cz<\/a>\u00a0zjist\u00edte, jak\u00fd je rozd\u00edl mezi bioodpadem a gastroodpadem, kam odn\u00e9st krabice od e-shopov\u00fdch z\u00e1silek nebo kde najdete nejbli\u017e\u0161\u00ed SWAP,\u201c dod\u00e1v\u00e1 Kub\u00e1sek. \u00daklid toti\u017e nen\u00ed jen o tom sehnout se pro odpadek, ale i o odpov\u011bdnosti za to, jak nakl\u00e1d\u00e1me s\u00a0necht\u011bn\u00fdmi v\u011bcmi.<\/p>\n<p>Ve\u0161ker\u00e9 informace o dobrovolnick\u00e9m \u00faklidu najdete na\u00a0<a href=\"http:\/\/www.uklidmecesko.cz\/\" target=\"_new\" rel=\"noopener\">www.UklidmeCesko.cz<\/a>\u00a0a praktick\u00e9 tipy na t\u0159\u00edd\u011bn\u00ed a vyu\u017eit\u00ed \u201eodpadu\u201c v aplikaci KAMsNIM.cz.<\/p>\n<p><strong>Chra\u0148me p\u0159\u00edrodu spole\u010dn\u011b &#8211; za\u010d\u00edt m\u016f\u017eeme u\u017e dnes. T\u011b\u0161\u00edme se na v\u00e1s 29. b\u0159ezna!<\/strong><\/p>\n<p>Kontakt pro dal\u0161\u00ed informace:<\/p>\n<p>Radek Janou\u0161ek<\/p>\n<p>777 176 675, <a href=\"mailto:radek@uklidmecesko.cz\">radek@uklidmecesko.cz<\/a><\/p>\n<p>Ukli\u010fme \u010cesko z.s.<\/p>\n<p>Hlavn\u00edm partnerem akce Ukli\u010fme \u010cesko 2025 je:<\/p>\n<p>Nadace Komer\u010dn\u00ed banky<\/p>\n<p>Partnery akce jsou:<\/p>\n<p>CBRE<\/p>\n<p>Garnier<\/p>\n<p>Nextbike<\/p>\n<p>Nevajgluj<\/p>\n<p>EKO-KOM, a.s.<\/p>\n<p>PENNY Market<\/p>\n<p>\u0160KODA AUTO a.s.<\/p>\n<p>MEDICAL PROTECT<\/p>\n<p>Lesy \u010cesk\u00e9 republiky, s.p.<\/p>\n<p>Syst\u00e9m Coca-Cola \u010cR a Coca-Cola HBC<\/p>\n<p>E.ON \u010cesk\u00e1 republika, s.r.o.<\/p>\n<p>Plze\u0148sk\u00fd prazdroj<\/p>\n<p>DB SCHENKER<\/p>\n<p>SAKO Brno, a.s.<\/p>\n<p>Saint-Gobain<\/p>\n<p>Nadace \u010cEZ<\/p>\n<p>DPD CZ<\/p>\n<p>CANON<\/p>\n<p>BAT<\/p>\n","protected":false},"excerpt":{"rendered":"<p>V\u011bd\u011bli jste, \u017ee 31. leden byl\u00a0dnem zeber? Tento den v\u00a0EKOkalend\u00e1\u0159i\u00a0spolku Ukli\u010fme \u010cesko p\u0159ipom\u00edn\u00e1 nejen ochranu p\u0159\u00edrody a p\u0159edev\u0161\u00edm africk\u00fdch zeber,<\/p>\n","protected":false},"author":20,"featured_media":3718,"comment_status":"closed","ping_status":"closed","sticky":false,"template":"","format":"standard","meta":{"om_disable_all_campaigns":false,"_monsterinsights_skip_tracking":false,"_monsterinsights_sitenote_active":false,"_monsterinsights_sitenote_note":"","_monsterinsights_sitenote_category":0,"footnotes":""},"categories":[93],"tags":[],"aioseo_notices":[],"_links":{"self":[{"href":"https:\/\/lk.regionalnidobrovolnickecentrum.cz\/subdom\/lk\/wp-json\/wp\/v2\/posts\/3717"}],"collection":[{"href":"https:\/\/lk.regionalnidobrovolnickecentrum.cz\/subdom\/lk\/wp-json\/wp\/v2\/posts"}],"about":[{"href":"https:\/\/lk.regionalnidobrovolnickecentrum.cz\/subdom\/lk\/wp-json\/wp\/v2\/types\/post"}],"author":[{"embeddable":true,"href":"https:\/\/lk.regionalnidobrovolnickecentrum.cz\/subdom\/lk\/wp-json\/wp\/v2\/users\/20"}],"replies":[{"embeddable":true,"href":"https:\/\/lk.regionalnidobrovolnickecentrum.cz\/subdom\/lk\/wp-json\/wp\/v2\/comments?post=3717"}],"version-history":[{"count":1,"href":"https:\/\/lk.regionalnidobrovolnickecentrum.cz\/subdom\/lk\/wp-json\/wp\/v2\/posts\/3717\/revisions"}],"predecessor-version":[{"id":3719,"href":"https:\/\/lk.regionalnidobrovolnickecentrum.cz\/subdom\/lk\/wp-json\/wp\/v2\/posts\/3717\/revisions\/3719"}],"wp:featuredmedia":[{"embeddable":true,"href":"https:\/\/lk.regionalnidobrovolnickecentrum.cz\/subdom\/lk\/wp-json\/wp\/v2\/media\/3718"}],"wp:attachment":[{"href":"https:\/\/lk.regionalnidobrovolnickecentrum.cz\/subdom\/lk\/wp-json\/wp\/v2\/media?parent=3717"}],"wp:term":[{"taxonomy":"category","embeddable":true,"href":"https:\/\/lk.regionalnidobrovolnickecentrum.cz\/subdom\/lk\/wp-json\/wp\/v2\/categories?post=3717"},{"taxonomy":"post_tag","embeddable":true,"href":"https:\/\/lk.regionalnidobrovolnickecentrum.cz\/subdom\/lk\/wp-json\/wp\/v2\/tags?post=3717"}],"curies":[{"name":"wp","href":"https:\/\/api.w.org\/{rel}","templated":true}]}}