{"id":3767,"date":"2025-04-11T15:15:41","date_gmt":"2025-04-11T13:15:41","guid":{"rendered":"https:\/\/lk.regionalnidobrovolnickecentrum.cz\/subdom\/lk\/?p=3767"},"modified":"2025-04-23T13:23:59","modified_gmt":"2025-04-23T11:23:59","slug":"dny-dobrovolnictvi-co-se-bude-dit","status":"publish","type":"post","link":"https:\/\/lk.regionalnidobrovolnickecentrum.cz\/subdom\/lk\/dny-dobrovolnictvi-co-se-bude-dit\/","title":{"rendered":"Dny dobrovolnictv\u00ed \u2013 co se bude d\u00edt?"},"content":{"rendered":"<p><span style=\"font-weight: 400;\">Celorepublikov\u00e1 akce <a href=\"https:\/\/dnydobrovolnictvi.cz\/\">Dny dobrovolnictv\u00ed<\/a> se bl\u00ed\u017e\u00ed. Konaj\u00ed se ve dnech 22. \u2013 27. 4. a Region\u00e1ln\u00ed dobrovolnick\u00e1 centra ve spolupr\u00e1ci s jednotliv\u00fdmi dobrovolnick\u00fdmi organizacemi p\u0159ipravuj\u00ed des\u00edtky akc\u00ed, kter\u00e9 maj\u00ed za c\u00edl zviditelnit dobrovolnictv\u00ed mezi \u0161irokou ve\u0159ejnost\u00ed.\u00a0<\/span><\/p>\n<p><span style=\"font-weight: 400;\">Cel\u00e1 ud\u00e1lost bude zah\u00e1jena v \u00dast\u00ed nad Labem, a to v \u00fater\u00fd 15. dubna 2025 <\/span><a href=\"https:\/\/dobrovolnictvi-usteckykraj.cz\/narodni-konference-dobrovolnici-detem-2025\/\"><span style=\"font-weight: 400;\">n\u00e1rodn\u00ed konferenc\u00ed DOBROVOLN\u00cdCI D\u011aTEM 2025<\/span><\/a><span style=\"font-weight: 400;\">. C\u00edlem konference je uk\u00e1zat smysl dobrovolnictv\u00ed, kter\u00e9 je zam\u011b\u0159eno na d\u011bti, pouk\u00e1zat na mo\u017enosti a variabilitu dobrovolnick\u00fdch program\u016f a dal\u0161\u00edch preventivn\u00edch aktivit, uk\u00e1zat p\u0159\u00edklady dobr\u00e9 praxe z r\u016fzn\u00fdch kout\u016f \u010cesk\u00e9 republiky nebo \u010derpat inspiraci ze zahrani\u010d\u00ed.<\/span><\/p>\n<p><a href=\"https:\/\/lk.regionalnidobrovolnickecentrum.cz\/subdom\/lk\/\"><span style=\"font-weight: 400;\">Region\u00e1ln\u00ed dobrovolnick\u00e9 centrum Libereck\u00e9ho kraje<\/span><\/a><span style=\"font-weight: 400;\"> p\u0159ipravilo akci pro \u00fa\u0159edn\u00edky Libereck\u00e9ho kraje, kte\u0159\u00ed str\u00e1v\u00ed jeden a\u017e dva dny (24.-25.4.) v <a href=\"https:\/\/www.dd-jablonec.cz\/\">Domov\u011b d\u016fchodc\u016f Jabloneck\u00e9 Paseky<\/a>. Dobrovoln\u00edci zde budou rozd\u011bleni do t\u0159\u00ed skupin: jedna bude m\u00edt na starost aktiviza\u010dn\u00ed \u010dinnosti, druh\u00e1 bude pom\u00e1hat s p\u00e9\u010d\u00ed a asistenc\u00ed a t\u0159et\u00ed se pust\u00ed do \u00fadr\u017eby are\u00e1lu. \u00da\u0159edn\u00edci si tak budou moci vyzkou\u0161et r\u016fzn\u00e9 aktivity, kter\u00e9 tu dobrovoln\u00edci oby\u010dejn\u011b vykon\u00e1vaj\u00ed: cvi\u010den\u00ed a proch\u00e1zky s klienty, \u010dten\u00ed knih, nat\u00edran\u00ed lavi\u010dek \u010di hrab\u00e1n\u00ed list\u00ed a tr\u00e1vy v zahrad\u011b. Pokud bude po\u010das\u00ed p\u0159\u00e1t, mohou si dobrovoln\u00edci spolu s klienty rozd\u011blat ohe\u0148 a op\u00e9ct si n\u011bco k sn\u011bdku. Dobrovoln\u00edci se tak\u00e9 budou moci spolu s klienty zapojit do hudebn\u011b terapeutick\u00e9ho p\u0159edstaven\u00ed GONGY. <\/span><\/p>\n<p>&nbsp;<\/p>\n<h4><strong>Co jsou Dny dobrovolnictv\u00ed?<img loading=\"lazy\" decoding=\"async\" class=\"size-medium wp-image-3769 alignright\" src=\"https:\/\/lk.regionalnidobrovolnickecentrum.cz\/subdom\/lk\/wp-content\/uploads\/2025\/04\/dny-dobrovolnictvi-300x200.jpg\" alt=\"\" width=\"300\" height=\"200\" srcset=\"https:\/\/lk.regionalnidobrovolnickecentrum.cz\/subdom\/lk\/wp-content\/uploads\/2025\/04\/dny-dobrovolnictvi-300x200.jpg 300w, https:\/\/lk.regionalnidobrovolnickecentrum.cz\/subdom\/lk\/wp-content\/uploads\/2025\/04\/dny-dobrovolnictvi-768x512.jpg 768w, https:\/\/lk.regionalnidobrovolnickecentrum.cz\/subdom\/lk\/wp-content\/uploads\/2025\/04\/dny-dobrovolnictvi.jpg 810w\" sizes=\"(max-width: 300px) 100vw, 300px\" \/><\/strong><\/h4>\n<p><span style=\"font-weight: 400;\">Dny dobrovolnictv\u00ed jsou jedine\u010dnou p\u0159\u00edle\u017eitost\u00ed, jak si vyzkou\u0161et r\u016fzn\u00e9 formy pomoci a objevovat nov\u00e9 zp\u016fsoby, jak p\u0159isp\u011bt ke zlep\u0161en\u00ed sv\u00e9ho okol\u00ed. Ka\u017ed\u00fd si m\u016f\u017ee vybrat aktivitu, kter\u00e1 mu nejl\u00e9pe sedne \u2013 od ekologick\u00fdch projekt\u016f, jako je \u00faklid a kultivace ve\u0159ejn\u00fdch prostranstv\u00ed, p\u0159es kulturn\u00ed a komunitn\u00ed akce, a\u017e po pomoc lidem s posti\u017een\u00edm, d\u011btem nebo v domovech senior\u016f. Dobrovoln\u00edci se mohou zapojit do \u010dten\u00ed poh\u00e1dek d\u011btem, organizov\u00e1n\u00ed sportovn\u00edch aktivit nebo t\u0159eba asistence p\u0159i charitativn\u00edch sb\u00edrk\u00e1ch.\u00a0 \u00a0<\/span><\/p>\n<h6><\/h6>\n<h4><strong>Kdo stoj\u00ed za akc\u00ed Dny dobrovolnictv\u00ed?<\/strong><\/h4>\n<p><span style=\"font-weight: 400;\">Za organizac\u00ed akce stoj\u00ed Region\u00e1ln\u00ed dobrovolnick\u00e1 centra, kter\u00e1 dlouhodob\u011b propojuj\u00ed dobrovoln\u00edky s organizacemi a podporuj\u00ed rozvoj dobrovolnictv\u00ed nap\u0159\u00ed\u010d r\u016fzn\u00fdmi oblastmi \u2013 od soci\u00e1ln\u00ed p\u00e9\u010de p\u0159es ekologii a\u017e po kulturu a vzd\u011bl\u00e1v\u00e1n\u00ed. Dny dobrovolnictv\u00ed 2025 se uskute\u010dn\u00ed v jeden\u00e1cti kraj\u00edch nap\u0159\u00ed\u010d \u010ceskou republikou: Hlavn\u00ed m\u011bsto Praha a St\u0159edo\u010desk\u00fd kraj, Jiho\u010desk\u00fd kraj, Jihomoravsk\u00fd kraj, Karlovarsk\u00fd kraj, Libereck\u00fd kraj, Moravskoslezsk\u00fd kraj, Olomouck\u00fd kraj, Plze\u0148sk\u00fd kraj, \u00dasteck\u00fd kraj a Zl\u00ednsk\u00fd kraj.<\/span><\/p>\n<p>&nbsp;<\/p>\n<p>&nbsp;<\/p>\n<p>Pou\u017eit\u00e9 obr\u00e1zky jsou z <a href=\"https:\/\/www.facebook.com\/dnydobrovolnictvi.cz\">Facebooku Dny Dobrovolnictv\u00ed<\/a>.<\/p>\n","protected":false},"excerpt":{"rendered":"<p>Celorepublikov\u00e1 akce Dny dobrovolnictv\u00ed se bl\u00ed\u017e\u00ed. Konaj\u00ed se ve dnech 22. \u2013 27. 4. a Region\u00e1ln\u00ed dobrovolnick\u00e1 centra ve spolupr\u00e1ci<\/p>\n","protected":false},"author":20,"featured_media":3768,"comment_status":"closed","ping_status":"closed","sticky":false,"template":"","format":"standard","meta":{"om_disable_all_campaigns":false,"_monsterinsights_skip_tracking":false,"_monsterinsights_sitenote_active":false,"_monsterinsights_sitenote_note":"","_monsterinsights_sitenote_category":0,"footnotes":""},"categories":[2],"tags":[],"aioseo_notices":[],"_links":{"self":[{"href":"https:\/\/lk.regionalnidobrovolnickecentrum.cz\/subdom\/lk\/wp-json\/wp\/v2\/posts\/3767"}],"collection":[{"href":"https:\/\/lk.regionalnidobrovolnickecentrum.cz\/subdom\/lk\/wp-json\/wp\/v2\/posts"}],"about":[{"href":"https:\/\/lk.regionalnidobrovolnickecentrum.cz\/subdom\/lk\/wp-json\/wp\/v2\/types\/post"}],"author":[{"embeddable":true,"href":"https:\/\/lk.regionalnidobrovolnickecentrum.cz\/subdom\/lk\/wp-json\/wp\/v2\/users\/20"}],"replies":[{"embeddable":true,"href":"https:\/\/lk.regionalnidobrovolnickecentrum.cz\/subdom\/lk\/wp-json\/wp\/v2\/comments?post=3767"}],"version-history":[{"count":4,"href":"https:\/\/lk.regionalnidobrovolnickecentrum.cz\/subdom\/lk\/wp-json\/wp\/v2\/posts\/3767\/revisions"}],"predecessor-version":[{"id":3780,"href":"https:\/\/lk.regionalnidobrovolnickecentrum.cz\/subdom\/lk\/wp-json\/wp\/v2\/posts\/3767\/revisions\/3780"}],"wp:featuredmedia":[{"embeddable":true,"href":"https:\/\/lk.regionalnidobrovolnickecentrum.cz\/subdom\/lk\/wp-json\/wp\/v2\/media\/3768"}],"wp:attachment":[{"href":"https:\/\/lk.regionalnidobrovolnickecentrum.cz\/subdom\/lk\/wp-json\/wp\/v2\/media?parent=3767"}],"wp:term":[{"taxonomy":"category","embeddable":true,"href":"https:\/\/lk.regionalnidobrovolnickecentrum.cz\/subdom\/lk\/wp-json\/wp\/v2\/categories?post=3767"},{"taxonomy":"post_tag","embeddable":true,"href":"https:\/\/lk.regionalnidobrovolnickecentrum.cz\/subdom\/lk\/wp-json\/wp\/v2\/tags?post=3767"}],"curies":[{"name":"wp","href":"https:\/\/api.w.org\/{rel}","templated":true}]}}