{"id":3797,"date":"2025-05-07T22:01:05","date_gmt":"2025-05-07T20:01:05","guid":{"rendered":"https:\/\/lk.regionalnidobrovolnickecentrum.cz\/subdom\/lk\/?p=3797"},"modified":"2025-05-07T22:10:42","modified_gmt":"2025-05-07T20:10:42","slug":"adrabeh-2025-osamelost-neni-radost-v-liberci","status":"publish","type":"post","link":"https:\/\/lk.regionalnidobrovolnickecentrum.cz\/subdom\/lk\/adrabeh-2025-osamelost-neni-radost-v-liberci\/","title":{"rendered":"ADRAb\u011bh 2025: osam\u011blost nen\u00ed radost v Liberci"},"content":{"rendered":"<p>P\u0159ij\u010fte si zab\u011bhat. Ud\u011bl\u00e1te n\u011bco dobr\u00e9ho nejen pro sv\u00e9 t\u011blo. Podpo\u0159\u00edte tak\u00e9 dobrovolnick\u00e9 aktivity v Libereck\u00e9m kraji! <!--more--><\/p>\n<p>&nbsp;<\/p>\n<h3><strong>SPOLE\u010cN\u00dd B\u011aH v Liberci<\/strong><\/h3>\n<div class=\"vc_row wpb_row vc_inner vc_row-fluid has-multiple-columns\">\n<div class=\"wpb_column vc_column_container\">\n<div class=\"vc_column-inner\">\n<div class=\"wpb_wrapper\">\n<div class=\"sune-wpb-element wpb-element-block-text\"><img loading=\"lazy\" decoding=\"async\" class=\"wp-image-44666 alignright\" src=\"https:\/\/adra.cz\/wp-content\/uploads\/2023\/06\/ADRAbeh_2023_Havirov-11-300x169.jpg?imc=1663327905\" sizes=\"(max-width: 600px) 100vw, 600px\" srcset=\"https:\/\/adra.cz\/wp-content\/uploads\/2023\/06\/ADRAbeh_2023_Havirov-11-300x169.jpg?imc=1663327905 300w, https:\/\/adra.cz\/wp-content\/uploads\/2023\/06\/ADRAbeh_2023_Havirov-11-1024x576.jpg?imc=1663327905 1024w, https:\/\/adra.cz\/wp-content\/uploads\/2023\/06\/ADRAbeh_2023_Havirov-11-768x432.jpg?imc=1663327905 768w, https:\/\/adra.cz\/wp-content\/uploads\/2023\/06\/ADRAbeh_2023_Havirov-11-1536x864.jpg?imc=1663327905 1536w, https:\/\/adra.cz\/wp-content\/uploads\/2023\/06\/ADRAbeh_2023_Havirov-11-2048x1152.jpg?imc=1663327905 2048w\" alt=\"\" width=\"314\" height=\"177\" \/><\/div>\n<p><strong>Term\u00edn:<\/strong>\u00a017.\u00a05.\u00a02025<br \/>\n<strong>Za\u010d\u00e1tek registrace \u00fa\u010dastn\u00edk\u016f:<\/strong>\u00a014:00<br \/>\n<strong>Start b\u011bhu:<\/strong>\u00a015:00<\/p>\n<\/div>\n<\/div>\n<\/div>\n<div class=\"wpb_column vc_column_container\">\n<div class=\"vc_column-inner\">\n<div class=\"wpb_wrapper\">\n<div class=\"sune-wpb-element wpb-element-block-text\">\n<p><strong>Lokalita:<\/strong>\u00a0start u\u00a0Kaple Panny Marie U\u00a0Obr\u00e1zku<br \/>\n<strong>Sou\u0159adnice startu:\u00a0<\/strong><a href=\"https:\/\/mapy.cz\/s\/fanedesuda\" target=\"_blank\" rel=\"noopener\">50.7947825N, 15.0745672E<\/a><strong><br \/>\nProgram: <\/strong>op\u00e9k\u00e1n\u00ed \u0161pek\u00e1\u010dk\u016f, hudba, \u00fakoly pro d\u011bti<\/p>\n<\/div>\n<\/div>\n<\/div>\n<\/div>\n<\/div>\n<p>&nbsp;<\/p>\n<p>Vyb\u00edhat budeme <strong>v Ruprechtic\u00edch od Kaple Panny Marie U\u00a0Obr\u00e1zku<\/strong>, na malebn\u00e9m m\u00edst\u011b, kde bude p\u0159ipraven i doprovodn\u00fd program pro d\u011bti.\u00a0Pro \u00fa\u010dastn\u00edky jsme p\u0159ipravili t\u0159i trasy v bl\u00edzk\u00e9m lese. Startovn\u00e9 250 K\u010d bude v\u011bnov\u00e1no na rozvoj dobrovolnick\u00fdch aktivit v Liberci a okol\u00ed. D\u011bti a studenti mohou vyu\u017e\u00edt sn\u00ed\u017een\u00e9 startovn\u00e9.<\/p>\n<div class=\"sune-wpb-element wpb-element-block-title wpb-element-block-title-type-box wpb-element-block-title-type-text-normal wpb-element-block-title-h3\">\n<h3><strong><span id=\"kategorie\">Kategorie<\/span><\/strong><\/h3>\n<p><img loading=\"lazy\" decoding=\"async\" class=\"size-medium wp-image-3798 alignright\" src=\"https:\/\/lk.regionalnidobrovolnickecentrum.cz\/subdom\/lk\/wp-content\/uploads\/2025\/05\/mapa-300x169.jpg\" alt=\"\" width=\"300\" height=\"169\" srcset=\"https:\/\/lk.regionalnidobrovolnickecentrum.cz\/subdom\/lk\/wp-content\/uploads\/2025\/05\/mapa-300x169.jpg 300w, https:\/\/lk.regionalnidobrovolnickecentrum.cz\/subdom\/lk\/wp-content\/uploads\/2025\/05\/mapa-768x432.jpg 768w, https:\/\/lk.regionalnidobrovolnickecentrum.cz\/subdom\/lk\/wp-content\/uploads\/2025\/05\/mapa.jpg 1024w\" sizes=\"(max-width: 300px) 100vw, 300px\" \/><\/p>\n<\/div>\n<div class=\"vc_row wpb_row vc_inner vc_row-fluid has-multiple-columns\">\n<div class=\"wpb_column vc_column_container\">\n<div class=\"vc_column-inner\">\n<div class=\"wpb_wrapper\">\n<div class=\"sune-wpb-element wpb-element-block-text\">\n<ul>\n<li><strong>B\u011bh mu\u017ei\/\u017eeny \u2013 5 km<\/strong>\u00a0(v\u00a015:00) -&gt;\u00a0<a href=\"https:\/\/mapy.cz\/turisticka?planovani-trasy&amp;rc=9596Lx1y7Bg1CFVgnhfaffLlhAMf1af3-&amp;rs=&amp;rs=&amp;rs=&amp;rs=&amp;rs=&amp;ri=15.074720084667206%2C50.79464569687843&amp;ri=15.077470690011978%2C50.794276893138885&amp;ri=15.081645548343658%2C50.792972669005394&amp;ri=15.077415704727173%2C50.79577222466469&amp;ri=15.074713379144669%2C50.79463429749012&amp;mrp=%7B%22c%22%3A131%7D&amp;xc=%5B%5D&amp;x=15.0773409&amp;y=50.7949685&amp;z=17\" target=\"_blank\" rel=\"noopener\">trasa (5 okruh\u016f)<\/a><\/li>\n<li><strong>B\u011bh mu\u017ei\/\u017eeny \u2013 3 km\u00a0<\/strong>(v\u00a015:00) -&gt;\u00a0<a href=\"https:\/\/mapy.cz\/turisticka?planovani-trasy&amp;rc=9596Lx1y7Bg1CFVgnhfaffLlhAMf1af3-&amp;rs=&amp;rs=&amp;rs=&amp;rs=&amp;rs=&amp;ri=15.074720084667206%2C50.79464569687843&amp;ri=15.077470690011978%2C50.794276893138885&amp;ri=15.081645548343658%2C50.792972669005394&amp;ri=15.077415704727173%2C50.79577222466469&amp;ri=15.074713379144669%2C50.79463429749012&amp;mrp=%7B%22c%22%3A131%7D&amp;xc=%5B%5D&amp;x=15.0773409&amp;y=50.7949685&amp;z=17\" target=\"_blank\" rel=\"noopener\">trasa (3 okruhy)<\/a><\/li>\n<li><strong>B\u011bh d\u011bti \u2013 1<\/strong><strong>\u00a0km\u00a0<\/strong>(v\u00a015:00) -&gt;\u00a0<a href=\"https:\/\/mapy.cz\/turisticka?planovani-trasy&amp;rc=9596Lx1y7Bg1CFVgnhfaffLlhAMf1af3-&amp;rs=&amp;rs=&amp;rs=&amp;rs=&amp;rs=&amp;ri=15.074720084667206%2C50.79464569687843&amp;ri=15.077470690011978%2C50.794276893138885&amp;ri=15.081645548343658%2C50.792972669005394&amp;ri=15.077415704727173%2C50.79577222466469&amp;ri=15.074713379144669%2C50.79463429749012&amp;mrp=%7B%22c%22%3A131%7D&amp;xc=%5B%5D&amp;x=15.0773409&amp;y=50.7949685&amp;z=17\" target=\"_blank\" rel=\"noopener\">trasa<\/a><\/li>\n<\/ul>\n<\/div>\n<\/div>\n<\/div>\n<\/div>\n<\/div>\n<p>&nbsp;<\/p>\n<h3><strong>Virtu\u00e1ln\u00ed b\u011bh<\/strong><\/h3>\n<p>Nem\u016f\u017eete se z\u00fa\u010dastnit osobn\u011b?\u00a0<strong>Od 5.\u00a0do 18.\u00a0kv\u011btna<\/strong>\u00a0m\u016f\u017eete b\u011b\u017eet \u010di\u00a0j\u00edt pro dobrovolnictv\u00ed kdekoliv \u2013 doma, v\u00a0lese nebo ve sv\u00e9m m\u011bst\u011b. Zaregistrujte se\u00a0<a href=\"https:\/\/adra.cz\/pridejte-se\/adra-beh\/#virtual\" target=\"_blank\" rel=\"noopener\"><strong>k virtu\u00e1ln\u00edmu b\u011bhu<\/strong><\/a>! Do mailu v\u00e1m p\u0159ijde startovn\u00ed \u010d\u00edslo a<strong>\u00a0j\u00edt si zab\u011bhat \u010di\u00a0se proj\u00edt pak u\u017e m\u016f\u017eete kdykoli a\u00a0kamkoli se v\u00e1m bude hodit.<\/strong><\/p>\n<h3><\/h3>\n<h3><strong>Teambuilding<\/strong><\/h3>\n<p><span class=\"_fadeIn_pfttw_8\">Zapojte <\/span><span class=\"_fadeIn_pfttw_8\">svou <\/span><span class=\"_fadeIn_pfttw_8\">firmu <\/span><span class=\"_fadeIn_pfttw_8\">do <\/span><span class=\"_fadeIn_pfttw_8\">leto\u0161n\u00edho <\/span><span class=\"_fadeIn_pfttw_8\">ADRAb\u011bhu <\/span><span class=\"_fadeIn_pfttw_8\">v <\/span><span class=\"_fadeIn_pfttw_8\">Liberci <\/span><span class=\"_fadeIn_pfttw_8\">a <\/span><span class=\"_fadeIn_pfttw_8\">spojte <\/span><span class=\"_fadeIn_pfttw_8\">sportovn\u00ed <\/span><span class=\"_fadeIn_pfttw_8\">z\u00e1\u017eitek <\/span><span class=\"_fadeIn_pfttw_8\">s <\/span><span class=\"_fadeIn_pfttw_8\">podporou <\/span><span class=\"_fadeIn_pfttw_8\">dobr\u00e9 <\/span><span class=\"_fadeIn_pfttw_8\">v\u011bci! <\/span><span class=\"_fadeIn_pfttw_8\">ADRAb\u011bh <\/span><span class=\"_fadeIn_pfttw_8\">je <\/span><span class=\"_fadeIn_pfttw_8\">ide\u00e1ln\u00ed <\/span><span class=\"_fadeIn_pfttw_8\">p\u0159\u00edle\u017eitost\u00ed <\/span><span class=\"_fadeIn_pfttw_8\">pro <\/span><span class=\"_fadeIn_pfttw_8\">teambuilding, <\/span><span class=\"_fadeIn_pfttw_8\">kter\u00fd <\/span><span class=\"_fadeIn_pfttw_8\">m\u00e1 <\/span><span class=\"_fadeIn_pfttw_8\">smysl \u2013 <\/span><span class=\"_fadeIn_pfttw_8\">va\u0161e <\/span><span class=\"_fadeIn_pfttw_8\">\u00fa\u010dast <\/span><span class=\"_fadeIn_pfttw_8\">pom\u016f\u017ee <\/span><span class=\"_fadeIn_pfttw_8\">financovat <\/span><span class=\"_fadeIn_pfttw_8\">\u010dinnost <\/span><span class=\"_fadeIn_pfttw_8\">dobrovolnick\u00fdch <\/span><span class=\"_fadeIn_pfttw_8\">center <\/span><span class=\"_fadeIn_pfttw_8\">ADRA.<\/span><span class=\"_fadeIn_pfttw_8\">\u00a0<\/span><span class=\"_fadeIn_pfttw_8\">P\u0159ij\u010fte <\/span><span class=\"_fadeIn_pfttw_8\">si <\/span><span class=\"_fadeIn_pfttw_8\">spole\u010dn\u011b <\/span><span class=\"_fadeIn_pfttw_8\">zab\u011bhat, <\/span><span class=\"_fadeIn_pfttw_8\">pos\u00edlit <\/span><span class=\"_fadeIn_pfttw_8\">t\u00fdmov\u00e9ho <\/span><span class=\"_fadeIn_pfttw_8\">ducha <\/span><span class=\"_fadeIn_pfttw_8\">a <\/span><span class=\"_fadeIn_pfttw_8\">z\u00e1rove\u0148 <\/span><span class=\"_fadeIn_pfttw_8\">podpo\u0159it <\/span><span class=\"_fadeIn_pfttw_8\">dobrovolnictv\u00ed <\/span><span class=\"_fadeIn_pfttw_8\">p\u0159\u00edmo <\/span><span class=\"_fadeIn_pfttw_8\">ve <\/span><span class=\"_fadeIn_pfttw_8\">va\u0161em <\/span><span class=\"_fadeIn_pfttw_8\">regionu.<\/span><\/p>\n<p>&nbsp;<\/p>\n<p>ADRAb\u011bh je ji\u017e tradi\u010dn\u00ed benefi\u010dn\u00ed akc\u00ed organizace ADRA na podporu lid\u00ed v nouzi doma i v zahrani\u010d\u00ed. Letos uhrazen\u00edm startovn\u00e9ho podpo\u0159\u00edte na\u0161e dobrovolnick\u00e1 centra. Dobrovoln\u00edci a dobrovolnice doch\u00e1z\u00ed do dom\u00e1cnost\u00ed, zdravotnick\u00fdch a dal\u0161\u00edch za\u0159\u00edzen\u00ed a d\u011blaj\u00ed spole\u010dnost t\u011bm, kdo \u010dasto nikoho jin\u00e9ho v \u017eivot\u011b nemaj\u00ed. Nav\u0161t\u011bvuj\u00ed osam\u011bl\u00e9 seniory, pacienty v\u202fnemocnic\u00edch, lidi se zdravotn\u00edm posti\u017een\u00edm \u010di znev\u00fdhodn\u011bn\u00e9 d\u011bti. ADRA tyto dobrovoln\u00edky vyhled\u00e1v\u00e1, \u0161kol\u00ed, poji\u0161\u0165uje, a p\u0159edev\u0161\u00edm propojuje s t\u011bmi, kdo jejich pomoc pot\u0159ebuj\u00ed<strong>.\u00a0<\/strong>\u00a0<strong>V\u00fdt\u011b\u017eek z\u00a0<a href=\"https:\/\/adra.cz\/pridejte-se\/adra-beh\/\"><span class=\"NormalTextRun SpellingErrorV2Themed SCXW172322552 BCX8\">ADRAb\u011bhu<\/span><\/a>\u00a0tak i\u00a0letos podpo\u0159\u00ed rozvoj dobrovolnictv\u00ed ve va\u0161em regionu.<\/strong><\/p>\n<p><img loading=\"lazy\" decoding=\"async\" class=\"wp-image-3803 aligncenter\" src=\"https:\/\/lk.regionalnidobrovolnickecentrum.cz\/subdom\/lk\/wp-content\/uploads\/2025\/05\/ADRAbeh_2025-Liberec-212x300.jpg\" alt=\"\" width=\"510\" height=\"721\" srcset=\"https:\/\/lk.regionalnidobrovolnickecentrum.cz\/subdom\/lk\/wp-content\/uploads\/2025\/05\/ADRAbeh_2025-Liberec-212x300.jpg 212w, https:\/\/lk.regionalnidobrovolnickecentrum.cz\/subdom\/lk\/wp-content\/uploads\/2025\/05\/ADRAbeh_2025-Liberec-724x1024.jpg 724w, https:\/\/lk.regionalnidobrovolnickecentrum.cz\/subdom\/lk\/wp-content\/uploads\/2025\/05\/ADRAbeh_2025-Liberec-768x1086.jpg 768w, https:\/\/lk.regionalnidobrovolnickecentrum.cz\/subdom\/lk\/wp-content\/uploads\/2025\/05\/ADRAbeh_2025-Liberec-1086x1536.jpg 1086w, https:\/\/lk.regionalnidobrovolnickecentrum.cz\/subdom\/lk\/wp-content\/uploads\/2025\/05\/ADRAbeh_2025-Liberec.jpg 1414w\" sizes=\"(max-width: 510px) 100vw, 510px\" \/><\/p>\n","protected":false},"excerpt":{"rendered":"<p>P\u0159ij\u010fte si zab\u011bhat. Ud\u011bl\u00e1te n\u011bco dobr\u00e9ho nejen pro sv\u00e9 t\u011blo. Podpo\u0159\u00edte tak\u00e9 dobrovolnick\u00e9 aktivity v Libereck\u00e9m kraji!<\/p>\n","protected":false},"author":20,"featured_media":3799,"comment_status":"closed","ping_status":"closed","sticky":false,"template":"","format":"standard","meta":{"om_disable_all_campaigns":false,"_monsterinsights_skip_tracking":false,"_monsterinsights_sitenote_active":false,"_monsterinsights_sitenote_note":"","_monsterinsights_sitenote_category":0,"footnotes":""},"categories":[2],"tags":[],"aioseo_notices":[],"_links":{"self":[{"href":"https:\/\/lk.regionalnidobrovolnickecentrum.cz\/subdom\/lk\/wp-json\/wp\/v2\/posts\/3797"}],"collection":[{"href":"https:\/\/lk.regionalnidobrovolnickecentrum.cz\/subdom\/lk\/wp-json\/wp\/v2\/posts"}],"about":[{"href":"https:\/\/lk.regionalnidobrovolnickecentrum.cz\/subdom\/lk\/wp-json\/wp\/v2\/types\/post"}],"author":[{"embeddable":true,"href":"https:\/\/lk.regionalnidobrovolnickecentrum.cz\/subdom\/lk\/wp-json\/wp\/v2\/users\/20"}],"replies":[{"embeddable":true,"href":"https:\/\/lk.regionalnidobrovolnickecentrum.cz\/subdom\/lk\/wp-json\/wp\/v2\/comments?post=3797"}],"version-history":[{"count":4,"href":"https:\/\/lk.regionalnidobrovolnickecentrum.cz\/subdom\/lk\/wp-json\/wp\/v2\/posts\/3797\/revisions"}],"predecessor-version":[{"id":3804,"href":"https:\/\/lk.regionalnidobrovolnickecentrum.cz\/subdom\/lk\/wp-json\/wp\/v2\/posts\/3797\/revisions\/3804"}],"wp:featuredmedia":[{"embeddable":true,"href":"https:\/\/lk.regionalnidobrovolnickecentrum.cz\/subdom\/lk\/wp-json\/wp\/v2\/media\/3799"}],"wp:attachment":[{"href":"https:\/\/lk.regionalnidobrovolnickecentrum.cz\/subdom\/lk\/wp-json\/wp\/v2\/media?parent=3797"}],"wp:term":[{"taxonomy":"category","embeddable":true,"href":"https:\/\/lk.regionalnidobrovolnickecentrum.cz\/subdom\/lk\/wp-json\/wp\/v2\/categories?post=3797"},{"taxonomy":"post_tag","embeddable":true,"href":"https:\/\/lk.regionalnidobrovolnickecentrum.cz\/subdom\/lk\/wp-json\/wp\/v2\/tags?post=3797"}],"curies":[{"name":"wp","href":"https:\/\/api.w.org\/{rel}","templated":true}]}}