{"id":3816,"date":"2025-05-31T16:46:32","date_gmt":"2025-05-31T14:46:32","guid":{"rendered":"https:\/\/lk.regionalnidobrovolnickecentrum.cz\/subdom\/lk\/?p=3816"},"modified":"2025-06-09T13:04:52","modified_gmt":"2025-06-09T11:04:52","slug":"jak-dopadla-dubnova-sbirka-potravin","status":"publish","type":"post","link":"https:\/\/lk.regionalnidobrovolnickecentrum.cz\/subdom\/lk\/jak-dopadla-dubnova-sbirka-potravin\/","title":{"rendered":"Jak dopadla dubnov\u00e1 Sb\u00edrka potravin?"},"content":{"rendered":"<p><span class=\"relative -mx-px my-[-0.2rem] rounded px-px py-[0.2rem] transition-colors duration-100 ease-in-out\">Jarn\u00ed Sb\u00edrka potravin v Libereck\u00e9m kraji prob\u011bhla v sobotu 26. dubna 2025 a byla sou\u010d\u00e1st\u00ed celost\u00e1tn\u00ed charitativn\u00ed akce organizovan\u00e9 \u010ceskou federac\u00ed potravinov\u00fdch bank.<\/span> <span class=\"relative -mx-px my-[-0.2rem] rounded px-px py-[0.2rem] transition-colors duration-100 ease-in-out\">C\u00edlem sb\u00edrky bylo shrom\u00e1\u017edit trvanliv\u00e9 potraviny a drogerii pro osoby v t\u00ed\u017eiv\u00e9 \u017eivotn\u00ed situaci, jako jsou samo\u017eivitel\u00e9, senio\u0159i, rodiny v krizi \u010di lid\u00e9 bez domova.<\/span><\/p>\n<p>P\u0159i leto\u0161n\u00edm jarn\u00ed kole Sb\u00edrky potravin se v na\u0161em kraji povedlo vybrat skv\u011bl\u00fdch\u00a0<strong>23 359 kg<\/strong> potravin, drogerie a hygieny, kter\u00e9 putovalo do Potravinov\u00e9 banky. Ta bude prost\u0159ednictv\u00edm odb\u011bratelsk\u00fdch organizac\u00ed distribuovat v\u0161e pot\u0159ebn\u00e9 lidem, kte\u0159\u00ed se ocitli v soci\u00e1ln\u00ed nouzi.<\/p>\n<p><a href=\"https:\/\/pbliberec.cz\/2025\/04\/30\/vysledky-jarni-sbirky-potravin-2025\/\">Zde<\/a> se m\u016f\u017eete pod\u00edvat, kolik potravin se v jak\u00fdch obchodech v kraji vybralo.\u00a0V Libereck\u00e9m kraji se sb\u00edrka konala ve v\u00edce ne\u017e 50 prodejn\u00e1ch, z toho v 19 byli p\u0159\u00edtomni dobrovoln\u00edci v zelen\u00fdch z\u00e1st\u011br\u00e1ch, kte\u0159\u00ed p\u0159eb\u00edrali dary od z\u00e1kazn\u00edk\u016f. Na dal\u0161\u00edch m\u00edstech byly um\u00edst\u011bny stacion\u00e1rn\u00ed sb\u011brn\u00e9 boxy.<img loading=\"lazy\" decoding=\"async\" class=\" wp-image-3817 aligncenter\" src=\"https:\/\/lk.regionalnidobrovolnickecentrum.cz\/subdom\/lk\/wp-content\/uploads\/2025\/06\/seznam-zapojenych-obchodu-300x84.jpg\" alt=\"\" width=\"746\" height=\"209\" srcset=\"https:\/\/lk.regionalnidobrovolnickecentrum.cz\/subdom\/lk\/wp-content\/uploads\/2025\/06\/seznam-zapojenych-obchodu-300x84.jpg 300w, https:\/\/lk.regionalnidobrovolnickecentrum.cz\/subdom\/lk\/wp-content\/uploads\/2025\/06\/seznam-zapojenych-obchodu-768x215.jpg 768w, https:\/\/lk.regionalnidobrovolnickecentrum.cz\/subdom\/lk\/wp-content\/uploads\/2025\/06\/seznam-zapojenych-obchodu.jpg 977w\" sizes=\"(max-width: 746px) 100vw, 746px\" \/><\/p>\n<p>&nbsp;<\/p>\n<p>Dobrovoln\u00edky poskytuj\u00ed i dlouhodob\u00ed partne\u0159i Sb\u00edrky potravin, v Libereck\u00e9m kraji to jsou nap\u0159\u00edklad Farn\u00ed charita \u010di \u010clov\u011bk v t\u00edsni.<\/p>\n<p>O Potravinov\u00e9 sb\u00edrce jsme ji\u017e psali v souvislosti s<a href=\"https:\/\/lk.regionalnidobrovolnickecentrum.cz\/subdom\/lk\/sbirka-potravin-je-opet-tu\/\"> dobrovoln\u00edky Farn\u00ed charity v \u010cesk\u00e9 L\u00edp\u011b<\/a>\u00a0 a d\u00e1le si m\u016f\u017eete p\u0159e\u010d\u00edst kr\u00e1sn\u00fd a st\u00e1le aktu\u00e1ln\u00ed \u010dl\u00e1nek o\u00a0 <a href=\"https:\/\/lk.regionalnidobrovolnickecentrum.cz\/subdom\/lk\/syty-hladovemu-neveri-potravinova-banka-libereckeho-kraje\/\">fungov\u00e1n\u00ed Potravinov\u00e9 banky v Liberci<\/a>.<\/p>\n<p>Zdroj: Potravinov\u00e1 banka Libereck\u00e9ho kraje, Sb\u00edrka potravin<\/p>\n","protected":false},"excerpt":{"rendered":"<p>Jarn\u00ed Sb\u00edrka potravin v Libereck\u00e9m kraji prob\u011bhla v sobotu 26. dubna 2025 a byla sou\u010d\u00e1st\u00ed celost\u00e1tn\u00ed charitativn\u00ed akce organizovan\u00e9 \u010ceskou<\/p>\n","protected":false},"author":20,"featured_media":1559,"comment_status":"closed","ping_status":"closed","sticky":false,"template":"","format":"standard","meta":{"om_disable_all_campaigns":false,"_monsterinsights_skip_tracking":false,"_monsterinsights_sitenote_active":false,"_monsterinsights_sitenote_note":"","_monsterinsights_sitenote_category":0,"footnotes":""},"categories":[5],"tags":[],"aioseo_notices":[],"_links":{"self":[{"href":"https:\/\/lk.regionalnidobrovolnickecentrum.cz\/subdom\/lk\/wp-json\/wp\/v2\/posts\/3816"}],"collection":[{"href":"https:\/\/lk.regionalnidobrovolnickecentrum.cz\/subdom\/lk\/wp-json\/wp\/v2\/posts"}],"about":[{"href":"https:\/\/lk.regionalnidobrovolnickecentrum.cz\/subdom\/lk\/wp-json\/wp\/v2\/types\/post"}],"author":[{"embeddable":true,"href":"https:\/\/lk.regionalnidobrovolnickecentrum.cz\/subdom\/lk\/wp-json\/wp\/v2\/users\/20"}],"replies":[{"embeddable":true,"href":"https:\/\/lk.regionalnidobrovolnickecentrum.cz\/subdom\/lk\/wp-json\/wp\/v2\/comments?post=3816"}],"version-history":[{"count":3,"href":"https:\/\/lk.regionalnidobrovolnickecentrum.cz\/subdom\/lk\/wp-json\/wp\/v2\/posts\/3816\/revisions"}],"predecessor-version":[{"id":3820,"href":"https:\/\/lk.regionalnidobrovolnickecentrum.cz\/subdom\/lk\/wp-json\/wp\/v2\/posts\/3816\/revisions\/3820"}],"wp:featuredmedia":[{"embeddable":true,"href":"https:\/\/lk.regionalnidobrovolnickecentrum.cz\/subdom\/lk\/wp-json\/wp\/v2\/media\/1559"}],"wp:attachment":[{"href":"https:\/\/lk.regionalnidobrovolnickecentrum.cz\/subdom\/lk\/wp-json\/wp\/v2\/media?parent=3816"}],"wp:term":[{"taxonomy":"category","embeddable":true,"href":"https:\/\/lk.regionalnidobrovolnickecentrum.cz\/subdom\/lk\/wp-json\/wp\/v2\/categories?post=3816"},{"taxonomy":"post_tag","embeddable":true,"href":"https:\/\/lk.regionalnidobrovolnickecentrum.cz\/subdom\/lk\/wp-json\/wp\/v2\/tags?post=3816"}],"curies":[{"name":"wp","href":"https:\/\/api.w.org\/{rel}","templated":true}]}}