{"id":3874,"date":"2025-08-31T13:22:33","date_gmt":"2025-08-31T11:22:33","guid":{"rendered":"https:\/\/lk.regionalnidobrovolnickecentrum.cz\/subdom\/lk\/?p=3874"},"modified":"2025-09-08T13:49:56","modified_gmt":"2025-09-08T11:49:56","slug":"stan-se-partakem-na-prochazku-pro-psy-z-archy","status":"publish","type":"post","link":"https:\/\/lk.regionalnidobrovolnickecentrum.cz\/subdom\/lk\/stan-se-partakem-na-prochazku-pro-psy-z-archy\/","title":{"rendered":"Hledaj\u00ed se par\u0165\u00e1ci na proch\u00e1zku pro psy z Archy!"},"content":{"rendered":"<p data-start=\"169\" data-end=\"540\"><a href=\"https:\/\/archa.zooliberec.cz\/\">Centrum pro zv\u00ed\u0159ata v nouzi ARCHA<\/a>, kter\u00e9 spad\u00e1 pod Zoologickou zahradu Liberec, se ka\u017ed\u00fd den star\u00e1 o des\u00edtky opu\u0161t\u011bn\u00fdch zv\u00ed\u0159at. Zat\u00edmco mal\u00e1 \u0161t\u011b\u0148ata a ko\u0165ata v\u011bt\u0161inou rychle najdou nov\u00fd domov, star\u0161\u00ed zv\u00ed\u0159ata v \u00fatulku z\u016fst\u00e1vaj\u00ed d\u00e9le. Aby v\u0161ak jejich \u010dek\u00e1n\u00ed nebylo smutn\u00e9 a jednotv\u00e1rn\u00e9, pot\u0159ebuj\u00ed p\u0159edev\u0161\u00edm lidskou pozornost \u2013 a tady hraj\u00ed z\u00e1sadn\u00ed roli dobrovoln\u00edci.<\/p>\n<p data-start=\"542\" data-end=\"844\">Nejhez\u010d\u00ed \u010d\u00e1st\u00ed dne je pro psa v \u00fatulku ur\u010dit\u011b ven\u010den\u00ed. Proch\u00e1zky jim dod\u00e1vaj\u00ed nejen fyzickou aktivitu, ale i pot\u0159ebn\u00fd kontakt s lidmi. D\u00edky tomu jsou klidn\u011bj\u0161\u00ed, vyrovnan\u011bj\u0161\u00ed a sn\u00e1ze si pak najdou novou rodinu. Ka\u017ed\u00fd, kdo m\u00e1 trochu voln\u00e9ho \u010dasu a chu\u0165 pomoci, se m\u016f\u017ee st\u00e1t dobrovoln\u00edkem \u2013 Centrum Archa hled\u00e1 DLOUHODOB\u00c9 dobrovoln\u00edky, kte\u0159\u00ed by s ven\u010den\u00edm pravideln\u011b pom\u00e1hali.<\/p>\n<p data-start=\"846\" data-end=\"1127\">Pomoc ve\u0159ejnosti je nezastupiteln\u00e1. Krom\u011b ven\u010den\u00ed m\u016f\u017eete p\u0159isp\u011bt i finan\u010dn\u011b, p\u0159in\u00e9st kvalitn\u00ed krmivo nebo jin\u00e9 pot\u0159ebn\u00e9 vybaven\u00ed. Nemus\u00edte si hned adoptovat zv\u00ed\u0159e, abyste zm\u011bnili jeho \u017eivot k lep\u0161\u00edmu. U\u017e samotn\u00e1 hodina str\u00e1ven\u00e1 na proch\u00e1zce m\u016f\u017ee pro psa znamenat obrovsk\u00fd rozd\u00edl. Krom toho Centrum Archa vyu\u017eije dobrovoln\u00edky i p\u0159i \u00fadr\u017eb\u011b are\u00e1lu (nap\u0159.\u00a0 nat\u00edr\u00e1n\u00ed kotc\u016f, sek\u00e1n\u00ed voli\u00e9r, plet\u00ed apod.).<\/p>\n<p data-start=\"1129\" data-end=\"1340\">Pokud m\u00e1te z\u00e1jem st\u00e1t se dobrovoln\u00edkem v Ar\u0161e, nav\u0161tivte str\u00e1nky: https:\/\/archa.zooliberec.cz\/services\/dobrovolnictvi\/ a n\u00e1sledujte pokyny.<\/p>\n<p data-start=\"1129\" data-end=\"1340\">\n","protected":false},"excerpt":{"rendered":"<p>Centrum pro zv\u00ed\u0159ata v nouzi ARCHA, kter\u00e9 spad\u00e1 pod Zoologickou zahradu Liberec, se ka\u017ed\u00fd den star\u00e1 o des\u00edtky opu\u0161t\u011bn\u00fdch zv\u00ed\u0159at.<\/p>\n","protected":false},"author":20,"featured_media":3875,"comment_status":"closed","ping_status":"closed","sticky":false,"template":"","format":"standard","meta":{"om_disable_all_campaigns":false,"_monsterinsights_skip_tracking":false,"_monsterinsights_sitenote_active":false,"_monsterinsights_sitenote_note":"","_monsterinsights_sitenote_category":0,"footnotes":""},"categories":[93],"tags":[],"aioseo_notices":[],"_links":{"self":[{"href":"https:\/\/lk.regionalnidobrovolnickecentrum.cz\/subdom\/lk\/wp-json\/wp\/v2\/posts\/3874"}],"collection":[{"href":"https:\/\/lk.regionalnidobrovolnickecentrum.cz\/subdom\/lk\/wp-json\/wp\/v2\/posts"}],"about":[{"href":"https:\/\/lk.regionalnidobrovolnickecentrum.cz\/subdom\/lk\/wp-json\/wp\/v2\/types\/post"}],"author":[{"embeddable":true,"href":"https:\/\/lk.regionalnidobrovolnickecentrum.cz\/subdom\/lk\/wp-json\/wp\/v2\/users\/20"}],"replies":[{"embeddable":true,"href":"https:\/\/lk.regionalnidobrovolnickecentrum.cz\/subdom\/lk\/wp-json\/wp\/v2\/comments?post=3874"}],"version-history":[{"count":2,"href":"https:\/\/lk.regionalnidobrovolnickecentrum.cz\/subdom\/lk\/wp-json\/wp\/v2\/posts\/3874\/revisions"}],"predecessor-version":[{"id":3877,"href":"https:\/\/lk.regionalnidobrovolnickecentrum.cz\/subdom\/lk\/wp-json\/wp\/v2\/posts\/3874\/revisions\/3877"}],"wp:featuredmedia":[{"embeddable":true,"href":"https:\/\/lk.regionalnidobrovolnickecentrum.cz\/subdom\/lk\/wp-json\/wp\/v2\/media\/3875"}],"wp:attachment":[{"href":"https:\/\/lk.regionalnidobrovolnickecentrum.cz\/subdom\/lk\/wp-json\/wp\/v2\/media?parent=3874"}],"wp:term":[{"taxonomy":"category","embeddable":true,"href":"https:\/\/lk.regionalnidobrovolnickecentrum.cz\/subdom\/lk\/wp-json\/wp\/v2\/categories?post=3874"},{"taxonomy":"post_tag","embeddable":true,"href":"https:\/\/lk.regionalnidobrovolnickecentrum.cz\/subdom\/lk\/wp-json\/wp\/v2\/tags?post=3874"}],"curies":[{"name":"wp","href":"https:\/\/api.w.org\/{rel}","templated":true}]}}