{"id":3923,"date":"2025-11-10T15:47:02","date_gmt":"2025-11-10T14:47:02","guid":{"rendered":"https:\/\/lk.regionalnidobrovolnickecentrum.cz\/subdom\/lk\/?p=3923"},"modified":"2025-11-11T14:37:50","modified_gmt":"2025-11-11T13:37:50","slug":"spolecensky-vecer-jiz-22-11-v-centru-babylon","status":"publish","type":"post","link":"https:\/\/lk.regionalnidobrovolnickecentrum.cz\/subdom\/lk\/spolecensky-vecer-jiz-22-11-v-centru-babylon\/","title":{"rendered":"Spole\u010densk\u00fd ve\u010der ji\u017e 22.11. v Centru Babylon!"},"content":{"rendered":"<p data-start=\"374\" data-end=\"709\"><a href=\"https:\/\/lk.regionalnidobrovolnickecentrum.cz\/subdom\/lk\/\">Region\u00e1ln\u00ed dobrovolnick\u00e9 centrum Libereck\u00e9ho kraje<\/a> a <a href=\"http:\/\/www.annolk.cz\">Asociace nest\u00e1tn\u00edch neziskov\u00fdch organizac\u00ed Libereck\u00e9ho kraje<\/a> srde\u010dn\u011b zvou v\u0161echny p\u0159\u00edznivce dobrovolnictv\u00ed, p\u0159\u00e1tele a podporovatele na <strong data-start=\"562\" data-end=\"616\">4. ro\u010dn\u00edk Spole\u010densk\u00e9ho ve\u010dera \u201ePom\u00e1hat je radost\u201c<\/strong>, kter\u00fd se uskute\u010dn\u00ed <strong data-start=\"637\" data-end=\"708\">v sobotu 22. listopadu 2025 od 19 hodin v Centru Babylon \u2013 s\u00e1l Expo<\/strong>.<\/p>\n<p data-start=\"711\" data-end=\"988\">Tento tradi\u010dn\u00ed ve\u010der je p\u0159edev\u0161\u00edm pod\u011bkov\u00e1n\u00edm v\u0161em dobrovoln\u00edk\u016fm za jejich \u010das, energii a ochotu pom\u00e1hat druh\u00fdm. Akce je z\u00e1rove\u0148 otev\u0159ena nej\u0161ir\u0161\u00ed ve\u0159ejnosti \u2013 kdokoliv, kdo se chce p\u0159ij\u00edt pobavit a podpo\u0159it my\u0161lenku dobrovolnictv\u00ed, je v\u00edt\u00e1n. Vstupn\u00e9 je dobrovoln\u00e9.<\/p>\n<p data-start=\"990\" data-end=\"1324\">\u00da\u010dastn\u00edky \u010dek\u00e1 ji\u017e tradi\u010dn\u011b bohat\u00fd doprovodn\u00fd program, kter\u00fd slibuje p\u0159\u00edjemnou atmosf\u00e9ru, tanec i z\u00e1bavu. K tanci a poslechu zahraje obl\u00edben\u00e1 kapela <strong data-start=\"1130\" data-end=\"1156\">Bohemia Universal Band<\/strong>. Tento slavnostn\u00ed ve\u010der bude p\u0159\u00edle\u017eitost\u00ed setkat se a pro\u017e\u00edt spole\u010dn\u00fd \u010das v p\u0159\u00edjemn\u00e9 atmosf\u00e9\u0159e. Spole\u010dn\u011b oslav\u00edme to, co se n\u00e1m d\u00edky propojen\u00ed sil v neziskov\u00e9m sektoru da\u0159\u00ed.<\/p>\n<p data-start=\"1326\" data-end=\"1461\">Spole\u010densk\u00fd ve\u010der \u201ePom\u00e1hat je radost\u201c se kon\u00e1 <strong data-start=\"1372\" data-end=\"1406\">pod z\u00e1\u0161titou Anny Provazn\u00edkov\u00e9<\/strong>, radn\u00ed Libereck\u00e9ho kraje pro oblast soci\u00e1ln\u00edch v\u011bc\u00ed.<\/p>\n<p>&nbsp;<\/p>\n<p>T\u011b\u0161\u00edme se na V\u00e1s!<img loading=\"lazy\" decoding=\"async\" class=\" wp-image-3928 aligncenter\" src=\"https:\/\/lk.regionalnidobrovolnickecentrum.cz\/subdom\/lk\/wp-content\/uploads\/2025\/11\/Spolecensky-vecer-22.11.-1-1-212x300.jpg\" alt=\"\" width=\"590\" height=\"835\" srcset=\"https:\/\/lk.regionalnidobrovolnickecentrum.cz\/subdom\/lk\/wp-content\/uploads\/2025\/11\/Spolecensky-vecer-22.11.-1-1-212x300.jpg 212w, https:\/\/lk.regionalnidobrovolnickecentrum.cz\/subdom\/lk\/wp-content\/uploads\/2025\/11\/Spolecensky-vecer-22.11.-1-1-724x1024.jpg 724w, https:\/\/lk.regionalnidobrovolnickecentrum.cz\/subdom\/lk\/wp-content\/uploads\/2025\/11\/Spolecensky-vecer-22.11.-1-1-768x1086.jpg 768w, https:\/\/lk.regionalnidobrovolnickecentrum.cz\/subdom\/lk\/wp-content\/uploads\/2025\/11\/Spolecensky-vecer-22.11.-1-1-1086x1536.jpg 1086w, https:\/\/lk.regionalnidobrovolnickecentrum.cz\/subdom\/lk\/wp-content\/uploads\/2025\/11\/Spolecensky-vecer-22.11.-1-1-1448x2048.jpg 1448w, https:\/\/lk.regionalnidobrovolnickecentrum.cz\/subdom\/lk\/wp-content\/uploads\/2025\/11\/Spolecensky-vecer-22.11.-1-1.jpg 1587w\" sizes=\"(max-width: 590px) 100vw, 590px\" \/><\/p>\n<p>&nbsp;<\/p>\n<p>&nbsp;<\/p>\n<p>&nbsp;<\/p>\n","protected":false},"excerpt":{"rendered":"<p>Region\u00e1ln\u00ed dobrovolnick\u00e9 centrum Libereck\u00e9ho kraje a Asociace nest\u00e1tn\u00edch neziskov\u00fdch organizac\u00ed Libereck\u00e9ho kraje srde\u010dn\u011b zvou v\u0161echny p\u0159\u00edznivce dobrovolnictv\u00ed, p\u0159\u00e1tele a podporovatele<\/p>\n","protected":false},"author":20,"featured_media":3924,"comment_status":"closed","ping_status":"closed","sticky":false,"template":"","format":"standard","meta":{"om_disable_all_campaigns":false,"_monsterinsights_skip_tracking":false,"_monsterinsights_sitenote_active":false,"_monsterinsights_sitenote_note":"","_monsterinsights_sitenote_category":0,"footnotes":""},"categories":[2],"tags":[],"aioseo_notices":[],"_links":{"self":[{"href":"https:\/\/lk.regionalnidobrovolnickecentrum.cz\/subdom\/lk\/wp-json\/wp\/v2\/posts\/3923"}],"collection":[{"href":"https:\/\/lk.regionalnidobrovolnickecentrum.cz\/subdom\/lk\/wp-json\/wp\/v2\/posts"}],"about":[{"href":"https:\/\/lk.regionalnidobrovolnickecentrum.cz\/subdom\/lk\/wp-json\/wp\/v2\/types\/post"}],"author":[{"embeddable":true,"href":"https:\/\/lk.regionalnidobrovolnickecentrum.cz\/subdom\/lk\/wp-json\/wp\/v2\/users\/20"}],"replies":[{"embeddable":true,"href":"https:\/\/lk.regionalnidobrovolnickecentrum.cz\/subdom\/lk\/wp-json\/wp\/v2\/comments?post=3923"}],"version-history":[{"count":3,"href":"https:\/\/lk.regionalnidobrovolnickecentrum.cz\/subdom\/lk\/wp-json\/wp\/v2\/posts\/3923\/revisions"}],"predecessor-version":[{"id":3929,"href":"https:\/\/lk.regionalnidobrovolnickecentrum.cz\/subdom\/lk\/wp-json\/wp\/v2\/posts\/3923\/revisions\/3929"}],"wp:featuredmedia":[{"embeddable":true,"href":"https:\/\/lk.regionalnidobrovolnickecentrum.cz\/subdom\/lk\/wp-json\/wp\/v2\/media\/3924"}],"wp:attachment":[{"href":"https:\/\/lk.regionalnidobrovolnickecentrum.cz\/subdom\/lk\/wp-json\/wp\/v2\/media?parent=3923"}],"wp:term":[{"taxonomy":"category","embeddable":true,"href":"https:\/\/lk.regionalnidobrovolnickecentrum.cz\/subdom\/lk\/wp-json\/wp\/v2\/categories?post=3923"},{"taxonomy":"post_tag","embeddable":true,"href":"https:\/\/lk.regionalnidobrovolnickecentrum.cz\/subdom\/lk\/wp-json\/wp\/v2\/tags?post=3923"}],"curies":[{"name":"wp","href":"https:\/\/api.w.org\/{rel}","templated":true}]}}