{"id":3941,"date":"2025-11-30T16:50:36","date_gmt":"2025-11-30T15:50:36","guid":{"rendered":"https:\/\/lk.regionalnidobrovolnickecentrum.cz\/subdom\/lk\/?p=3941"},"modified":"2025-12-03T18:50:25","modified_gmt":"2025-12-03T17:50:25","slug":"spolecensky-vecer-v-rytmu-caci","status":"publish","type":"post","link":"https:\/\/lk.regionalnidobrovolnickecentrum.cz\/subdom\/lk\/spolecensky-vecer-v-rytmu-caci\/","title":{"rendered":"Spole\u010densk\u00fd ve\u010der v rytmu \u010da\u010di = oslava dobrovolnictv\u00ed a spolupr\u00e1ce"},"content":{"rendered":"<p>V sobotu 22. listopadu 2025 se v s\u00e1lu EXPO Centra Babylon uskute\u010dnil \u010dtvrt\u00fd ro\u010dn\u00edk Spole\u010densk\u00e9ho ve\u010dera s podtitulem \u201ePom\u00e1hat je radost\u201c. Ve\u010der byl po\u0159\u00e1d\u00e1n <a href=\"https:\/\/lk.regionalnidobrovolnickecentrum.cz\/subdom\/lk\">RDC Libereck\u00e9ho kraje<\/a> ve spolupr\u00e1ci s <a href=\"http:\/\/www.annolk.cz\">ANNOLK<\/a>\u00a0 jako v\u00fdraz vd\u011b\u010dnosti v\u0161em dobrovoln\u00edk\u016fm, partner\u016fm a podporovatel\u016fm neziskov\u00fdch organizac\u00ed. Ve\u010der byl otev\u0159en tak\u00e9 \u0161irok\u00e9 ve\u0159ejnosti.<!--more--><\/p>\n<p data-start=\"805\" data-end=\"1575\">Tento slavnostn\u00ed ve\u010der byl p\u0159\u00edle\u017eitost\u00ed setkat se, pro\u017e\u00edt spole\u010dn\u00fd \u010das v p\u0159\u00edjemn\u00e9 atmosf\u00e9\u0159e a hlavn\u011b pod\u011bkovat za \u00fa\u017easnou spolupr\u00e1ci v roce 2025. Byl zaji\u0161t\u011bn z\u00e1bavn\u00fd a bohat\u00fd program v podob\u011b hudebn\u00edch i tane\u010dn\u00edch vystoupen\u00ed. Na \u00favod ve\u010dera vystoupil bubenick\u00fd soubor ARIES, kter\u00fd rozvibroval hosty cel\u00e9ho ve\u010dera. N\u00e1sledovala uk\u00e1zka z tane\u010dn\u00ed \u0161koly TAKT Liberec, po n\u00ed\u017e se p\u0159edvedly \u201eStar Dance \u2013 Seniorsk\u00e9 hv\u011bzdy tan\u010d\u00ed\u201c zku\u0161en\u00fd tane\u010dn\u00ed mistr Jan Kohout provedl po parketu svou partnerku Ivanu Nikulinovou. Velkou z\u00e1bavou pro v\u0161echny z\u00fa\u010dastn\u011bn\u00e9 byla tane\u010dn\u00ed lekce svi\u017en\u00e9ho kub\u00e1nsk\u00e9ho tance \u010da\u010di, do kter\u00e9 se s velk\u00fdm z\u00e1palem zapojilo 99 % host\u016f. Nemohla chyb\u011bt ani tombola. Cel\u00fdm ve\u010derem prov\u00e1zela kapela Bohemia Universal Band.<\/p>\n<p data-start=\"1577\" data-end=\"1904\">Ve\u010der pat\u0159il p\u0159edev\u0161\u00edm pod\u011bkov\u00e1n\u00ed \u2014 v\u0161em, kdo se nezi\u0161tn\u011b zapojili do dobrovolnick\u00fdch aktivit v uplynul\u00e9m roce. Byla to chv\u00edle uzn\u00e1n\u00ed, ocen\u011bn\u00ed a radosti z toho, co se d\u00edky spole\u010dn\u00e9mu \u00fasil\u00ed poda\u0159ilo. Sou\u010dasn\u011b ale ve\u010der nab\u00eddl i p\u0159\u00edjemn\u00e9 chv\u00edle pro setk\u00e1n\u00ed, sd\u00edlen\u00ed zku\u0161enost\u00ed a propojov\u00e1n\u00ed lid\u00ed z r\u016fzn\u00fdch organizac\u00ed.\u00a0C\u00edlem t\u00e9to akce bylo tak\u00e9 pos\u00edlit vazby mezi organizacemi, dobrovoln\u00edky, podporovateli a \u0161ir\u0161\u00ed ve\u0159ejnost\u00ed.<\/p>\n<p data-start=\"1906\" data-end=\"2335\">Spole\u010densk\u00fd ve\u010der \u201ePom\u00e1hat je radost\u201c se konal pod z\u00e1\u0161titou Anny Provazn\u00edkov\u00e9, radn\u00ed Libereck\u00e9ho kraje pro oblast soci\u00e1ln\u00edch v\u011bc\u00ed, kter\u00e1 se ve\u010dera rovn\u011b\u017e z\u00fa\u010dastnila.<\/p>\n<div id='gallery-1' class='gallery galleryid-3941 gallery-columns-3 gallery-size-colormag-featured-image'><figure class='gallery-item'>\n\t\t\t<div class='gallery-icon landscape'>\n\t\t\t\t<a href='https:\/\/lk.regionalnidobrovolnickecentrum.cz\/subdom\/lk\/spolecensky-vecer-v-rytmu-caci\/20251122_191546\/'><img loading=\"lazy\" decoding=\"async\" width=\"800\" height=\"445\" src=\"https:\/\/lk.regionalnidobrovolnickecentrum.cz\/subdom\/lk\/wp-content\/uploads\/2025\/12\/20251122_191546-800x445.jpg\" class=\"attachment-colormag-featured-image size-colormag-featured-image\" alt=\"\" \/><\/a>\n\t\t\t<\/div><\/figure><figure class='gallery-item'>\n\t\t\t<div class='gallery-icon landscape'>\n\t\t\t\t<a href='https:\/\/lk.regionalnidobrovolnickecentrum.cz\/subdom\/lk\/spolecensky-vecer-v-rytmu-caci\/20251122_191749\/'><img loading=\"lazy\" decoding=\"async\" width=\"800\" height=\"445\" src=\"https:\/\/lk.regionalnidobrovolnickecentrum.cz\/subdom\/lk\/wp-content\/uploads\/2025\/12\/20251122_191749-800x445.jpg\" class=\"attachment-colormag-featured-image size-colormag-featured-image\" alt=\"\" \/><\/a>\n\t\t\t<\/div><\/figure><figure class='gallery-item'>\n\t\t\t<div class='gallery-icon landscape'>\n\t\t\t\t<a href='https:\/\/lk.regionalnidobrovolnickecentrum.cz\/subdom\/lk\/spolecensky-vecer-v-rytmu-caci\/20251122_192031\/'><img loading=\"lazy\" decoding=\"async\" width=\"800\" height=\"445\" src=\"https:\/\/lk.regionalnidobrovolnickecentrum.cz\/subdom\/lk\/wp-content\/uploads\/2025\/12\/20251122_192031-800x445.jpg\" class=\"attachment-colormag-featured-image size-colormag-featured-image\" alt=\"\" \/><\/a>\n\t\t\t<\/div><\/figure><figure class='gallery-item'>\n\t\t\t<div class='gallery-icon landscape'>\n\t\t\t\t<a href='https:\/\/lk.regionalnidobrovolnickecentrum.cz\/subdom\/lk\/spolecensky-vecer-v-rytmu-caci\/20251122_192328\/'><img loading=\"lazy\" decoding=\"async\" width=\"800\" height=\"445\" src=\"https:\/\/lk.regionalnidobrovolnickecentrum.cz\/subdom\/lk\/wp-content\/uploads\/2025\/12\/20251122_192328-800x445.jpg\" class=\"attachment-colormag-featured-image size-colormag-featured-image\" alt=\"\" \/><\/a>\n\t\t\t<\/div><\/figure><figure class='gallery-item'>\n\t\t\t<div class='gallery-icon landscape'>\n\t\t\t\t<a href='https:\/\/lk.regionalnidobrovolnickecentrum.cz\/subdom\/lk\/spolecensky-vecer-v-rytmu-caci\/20251122_193117\/'><img loading=\"lazy\" decoding=\"async\" width=\"800\" height=\"445\" src=\"https:\/\/lk.regionalnidobrovolnickecentrum.cz\/subdom\/lk\/wp-content\/uploads\/2025\/12\/20251122_193117-800x445.jpg\" class=\"attachment-colormag-featured-image size-colormag-featured-image\" alt=\"\" \/><\/a>\n\t\t\t<\/div><\/figure><figure class='gallery-item'>\n\t\t\t<div class='gallery-icon landscape'>\n\t\t\t\t<a href='https:\/\/lk.regionalnidobrovolnickecentrum.cz\/subdom\/lk\/spolecensky-vecer-v-rytmu-caci\/20251122_193311\/'><img loading=\"lazy\" decoding=\"async\" width=\"800\" height=\"445\" src=\"https:\/\/lk.regionalnidobrovolnickecentrum.cz\/subdom\/lk\/wp-content\/uploads\/2025\/12\/20251122_193311-800x445.jpg\" class=\"attachment-colormag-featured-image size-colormag-featured-image\" alt=\"\" \/><\/a>\n\t\t\t<\/div><\/figure><figure class='gallery-item'>\n\t\t\t<div class='gallery-icon landscape'>\n\t\t\t\t<a href='https:\/\/lk.regionalnidobrovolnickecentrum.cz\/subdom\/lk\/spolecensky-vecer-v-rytmu-caci\/20251122_193600\/'><img loading=\"lazy\" decoding=\"async\" width=\"800\" height=\"445\" src=\"https:\/\/lk.regionalnidobrovolnickecentrum.cz\/subdom\/lk\/wp-content\/uploads\/2025\/12\/20251122_193600-800x445.jpg\" class=\"attachment-colormag-featured-image size-colormag-featured-image\" alt=\"\" \/><\/a>\n\t\t\t<\/div><\/figure><figure class='gallery-item'>\n\t\t\t<div class='gallery-icon landscape'>\n\t\t\t\t<a href='https:\/\/lk.regionalnidobrovolnickecentrum.cz\/subdom\/lk\/spolecensky-vecer-v-rytmu-caci\/20251122_194024\/'><img loading=\"lazy\" decoding=\"async\" width=\"800\" height=\"445\" src=\"https:\/\/lk.regionalnidobrovolnickecentrum.cz\/subdom\/lk\/wp-content\/uploads\/2025\/12\/20251122_194024-800x445.jpg\" class=\"attachment-colormag-featured-image size-colormag-featured-image\" alt=\"\" \/><\/a>\n\t\t\t<\/div><\/figure><figure class='gallery-item'>\n\t\t\t<div class='gallery-icon landscape'>\n\t\t\t\t<a href='https:\/\/lk.regionalnidobrovolnickecentrum.cz\/subdom\/lk\/spolecensky-vecer-v-rytmu-caci\/20251122_203508\/'><img loading=\"lazy\" decoding=\"async\" width=\"800\" height=\"445\" src=\"https:\/\/lk.regionalnidobrovolnickecentrum.cz\/subdom\/lk\/wp-content\/uploads\/2025\/12\/20251122_203508-800x445.jpg\" class=\"attachment-colormag-featured-image size-colormag-featured-image\" alt=\"\" \/><\/a>\n\t\t\t<\/div><\/figure><figure class='gallery-item'>\n\t\t\t<div class='gallery-icon landscape'>\n\t\t\t\t<a href='https:\/\/lk.regionalnidobrovolnickecentrum.cz\/subdom\/lk\/20251122_210240\/'><img loading=\"lazy\" decoding=\"async\" width=\"800\" height=\"445\" src=\"https:\/\/lk.regionalnidobrovolnickecentrum.cz\/subdom\/lk\/wp-content\/uploads\/2020\/07\/20251122_210240-800x445.jpg\" class=\"attachment-colormag-featured-image size-colormag-featured-image\" alt=\"\" \/><\/a>\n\t\t\t<\/div><\/figure><figure class='gallery-item'>\n\t\t\t<div class='gallery-icon landscape'>\n\t\t\t\t<a href='https:\/\/lk.regionalnidobrovolnickecentrum.cz\/subdom\/lk\/spolecensky-vecer-v-rytmu-caci\/20251122_210849\/'><img loading=\"lazy\" decoding=\"async\" width=\"800\" height=\"445\" src=\"https:\/\/lk.regionalnidobrovolnickecentrum.cz\/subdom\/lk\/wp-content\/uploads\/2025\/12\/20251122_210849-800x445.jpg\" class=\"attachment-colormag-featured-image size-colormag-featured-image\" alt=\"\" \/><\/a>\n\t\t\t<\/div><\/figure><figure class='gallery-item'>\n\t\t\t<div class='gallery-icon landscape'>\n\t\t\t\t<a href='https:\/\/lk.regionalnidobrovolnickecentrum.cz\/subdom\/lk\/spolecensky-vecer-v-rytmu-caci\/20251122_211146\/'><img loading=\"lazy\" decoding=\"async\" width=\"800\" height=\"445\" src=\"https:\/\/lk.regionalnidobrovolnickecentrum.cz\/subdom\/lk\/wp-content\/uploads\/2025\/12\/20251122_211146-800x445.jpg\" class=\"attachment-colormag-featured-image size-colormag-featured-image\" alt=\"\" \/><\/a>\n\t\t\t<\/div><\/figure><figure class='gallery-item'>\n\t\t\t<div class='gallery-icon landscape'>\n\t\t\t\t<a href='https:\/\/lk.regionalnidobrovolnickecentrum.cz\/subdom\/lk\/spolecensky-vecer-v-rytmu-caci\/20251122_211245\/'><img loading=\"lazy\" decoding=\"async\" width=\"800\" height=\"445\" src=\"https:\/\/lk.regionalnidobrovolnickecentrum.cz\/subdom\/lk\/wp-content\/uploads\/2025\/12\/20251122_211245-800x445.jpg\" class=\"attachment-colormag-featured-image size-colormag-featured-image\" alt=\"\" \/><\/a>\n\t\t\t<\/div><\/figure><figure class='gallery-item'>\n\t\t\t<div class='gallery-icon landscape'>\n\t\t\t\t<a href='https:\/\/lk.regionalnidobrovolnickecentrum.cz\/subdom\/lk\/spolecensky-vecer-v-rytmu-caci\/20251122_211803\/'><img loading=\"lazy\" decoding=\"async\" width=\"800\" height=\"445\" src=\"https:\/\/lk.regionalnidobrovolnickecentrum.cz\/subdom\/lk\/wp-content\/uploads\/2025\/12\/20251122_211803-800x445.jpg\" class=\"attachment-colormag-featured-image size-colormag-featured-image\" alt=\"\" \/><\/a>\n\t\t\t<\/div><\/figure>\n\t\t<\/div>\n\n","protected":false},"excerpt":{"rendered":"<p>V sobotu 22. listopadu 2025 se v s\u00e1lu EXPO Centra Babylon uskute\u010dnil \u010dtvrt\u00fd ro\u010dn\u00edk Spole\u010densk\u00e9ho ve\u010dera s podtitulem \u201ePom\u00e1hat je<\/p>\n","protected":false},"author":20,"featured_media":3952,"comment_status":"closed","ping_status":"closed","sticky":false,"template":"","format":"standard","meta":{"om_disable_all_campaigns":false,"_monsterinsights_skip_tracking":false,"_monsterinsights_sitenote_active":false,"_monsterinsights_sitenote_note":"","_monsterinsights_sitenote_category":0,"footnotes":""},"categories":[5],"tags":[],"aioseo_notices":[],"_links":{"self":[{"href":"https:\/\/lk.regionalnidobrovolnickecentrum.cz\/subdom\/lk\/wp-json\/wp\/v2\/posts\/3941"}],"collection":[{"href":"https:\/\/lk.regionalnidobrovolnickecentrum.cz\/subdom\/lk\/wp-json\/wp\/v2\/posts"}],"about":[{"href":"https:\/\/lk.regionalnidobrovolnickecentrum.cz\/subdom\/lk\/wp-json\/wp\/v2\/types\/post"}],"author":[{"embeddable":true,"href":"https:\/\/lk.regionalnidobrovolnickecentrum.cz\/subdom\/lk\/wp-json\/wp\/v2\/users\/20"}],"replies":[{"embeddable":true,"href":"https:\/\/lk.regionalnidobrovolnickecentrum.cz\/subdom\/lk\/wp-json\/wp\/v2\/comments?post=3941"}],"version-history":[{"count":6,"href":"https:\/\/lk.regionalnidobrovolnickecentrum.cz\/subdom\/lk\/wp-json\/wp\/v2\/posts\/3941\/revisions"}],"predecessor-version":[{"id":3958,"href":"https:\/\/lk.regionalnidobrovolnickecentrum.cz\/subdom\/lk\/wp-json\/wp\/v2\/posts\/3941\/revisions\/3958"}],"wp:featuredmedia":[{"embeddable":true,"href":"https:\/\/lk.regionalnidobrovolnickecentrum.cz\/subdom\/lk\/wp-json\/wp\/v2\/media\/3952"}],"wp:attachment":[{"href":"https:\/\/lk.regionalnidobrovolnickecentrum.cz\/subdom\/lk\/wp-json\/wp\/v2\/media?parent=3941"}],"wp:term":[{"taxonomy":"category","embeddable":true,"href":"https:\/\/lk.regionalnidobrovolnickecentrum.cz\/subdom\/lk\/wp-json\/wp\/v2\/categories?post=3941"},{"taxonomy":"post_tag","embeddable":true,"href":"https:\/\/lk.regionalnidobrovolnickecentrum.cz\/subdom\/lk\/wp-json\/wp\/v2\/tags?post=3941"}],"curies":[{"name":"wp","href":"https:\/\/api.w.org\/{rel}","templated":true}]}}