{"id":4005,"date":"2026-01-05T14:58:46","date_gmt":"2026-01-05T13:58:46","guid":{"rendered":"https:\/\/lk.regionalnidobrovolnickecentrum.cz\/subdom\/lk\/?p=4005"},"modified":"2026-01-14T22:18:20","modified_gmt":"2026-01-14T21:18:20","slug":"dobrovolnicke-centrum-vznika-i-v-decine","status":"publish","type":"post","link":"https:\/\/lk.regionalnidobrovolnickecentrum.cz\/subdom\/lk\/dobrovolnicke-centrum-vznika-i-v-decine\/","title":{"rendered":"Dobrovoln\u00edci v\u00edt\u00e1ni i v nov\u00e9m dobrovolnick\u00e9m centru v D\u011b\u010d\u00edn\u011b!"},"content":{"rendered":"<p>I kdy\u017e D\u011b\u010d\u00edn nespad\u00e1 do Libereck\u00e9ho kraje, m\u00e1me k n\u011bmu bl\u00edzko a je zaj\u00edmav\u00e9, \u017ee dobrovolnictv\u00ed v tak velk\u00e9m m\u011bst\u011b je\u0161t\u011b \u00fapln\u011b nefunguje&#8230;<\/p>\n<p>Vedouc\u00ed pobo\u010dky <a href=\"https:\/\/www.facebook.com\/DCADRACeskaLipa?locale=cs_CZ\">ADRA v \u010cesk\u00e9 L\u00edp\u011b<\/a>,\u00a0 Petr M\u00e1\u0161ka, se rozhodl vyu\u017e\u00edt p\u0159\u00edle\u017eitosti a zalo\u017eit dobrovolnick\u00e9 centrum i tam.<\/p>\n<p>\u00davodn\u00ed \u0161kolen\u00ed pro nov\u00e9 dobrovoln\u00edky bude prob\u00edhat 22.1.2026 od 17.00 na pobo\u010dce ADRA, \u00dazk\u00e1 238\/10 v D\u011b\u010d\u00edn\u011b.<\/p>\n<p>Mohou se p\u0159ihl\u00e1sit jak studenti 15+, tak dosp\u011bl\u00ed zam\u011bstnan\u00ed i nezam\u011bstnan\u00ed, zdravotn\u011b posti\u017een\u00ed i aktivn\u00ed senio\u0159i.<\/p>\n<div class=\"field field-name-field-opportunity-use field-type-text field-label-above\">\n<div class=\"field-label\"><strong>Pro\u010d vyu\u017e\u00edt tuto p\u0159\u00edle\u017eitost:\u00a0<\/strong><\/div>\n<div class=\"field-items\">\n<div class=\"field-item even\"><i class=\"fa fa-check-square-o\" aria-hidden=\"true\"><\/i>Stanete se sou\u010d\u00e1st\u00ed nov\u011b zakl\u00e1dan\u00e9ho ADRA t\u00fdmu<\/div>\n<\/div>\n<\/div>\n<div class=\"field field-name-field-help field-type-text field-label-above\">\n<div><\/div>\n<div class=\"field-label\"><strong>Jak dobrovoln\u00edk pom\u016f\u017ee:\u00a0<\/strong><\/div>\n<div class=\"field-items\">\n<div class=\"field-item even\"><i class=\"fa fa-check-square-o\" aria-hidden=\"true\"><\/i>Jedn\u00e1 se o dobrovolnickou slu\u017ebu v nemocnici D\u011b\u010d\u00edn, v Centru soci\u00e1ln\u00edch slu\u017eeb D\u011b\u010d\u00edn (Domov pro seniory ul.Klicperova, DZR, ul. Kamenick\u00e1) a Domov pro seniory Valerie D\u011b\u010d\u00edn, \u0160kroupova ulice.<\/div>\n<\/div>\n<\/div>\n<p>Dobrovoln\u00edky mohou b\u00fdt jak jednotliv\u00ed studenti (podle z\u00e1kona o dobrovolnick\u00e9 slu\u017eb\u011b od 15 let), tak i skupiny student\u016f nebo i senior\u016f, kter\u00e9 by cht\u011bly nab\u00eddnout speci\u00e1ln\u00ed program (hudbu, divadlo, pop\u0159. by se cht\u011bli zapojit do pomoci s \u00fadr\u017ebou zelen\u011b apod.), mohou se tam samoz\u0159ejm\u011b zapojit zam\u011bstnan\u00ed nebo nezam\u011bstnan\u00ed dosp\u011bl\u00ed, zdravotn\u011b posti\u017een\u00ed i aktivn\u00ed senio\u0159i.<\/p>\n<p>Jedn\u00e1 se o t\u0159i soci\u00e1ln\u00ed za\u0159\u00edzen\u00ed ve m\u011bst\u011b D\u011b\u010d\u00edn, kde u senior\u016f se v\u011bt\u0161inou jedn\u00e1 o \u010dten\u00ed, pov\u00edd\u00e1n\u00ed, hran\u00ed spole\u010densk\u00fdch her, proch\u00e1zky.<\/p>\n<p>D\u00e1le se jedn\u00e1 o nemocnici v D\u011b\u010d\u00edn\u011b, kde podle stavu pacient\u016f se m\u016f\u017ee rovn\u011b\u017e jednat o\u00a0\u010dten\u00ed, pov\u00edd\u00e1n\u00ed, hran\u00ed spole\u010densk\u00fdch her, proch\u00e1zky.<\/p>\n<p><img loading=\"lazy\" decoding=\"async\" class=\"alignnone wp-image-4006\" src=\"https:\/\/lk.regionalnidobrovolnickecentrum.cz\/subdom\/lk\/wp-content\/uploads\/2026\/01\/ADRA-Ceska-Lipa-208x300.jpg\" alt=\"\" width=\"382\" height=\"551\" srcset=\"https:\/\/lk.regionalnidobrovolnickecentrum.cz\/subdom\/lk\/wp-content\/uploads\/2026\/01\/ADRA-Ceska-Lipa-208x300.jpg 208w, https:\/\/lk.regionalnidobrovolnickecentrum.cz\/subdom\/lk\/wp-content\/uploads\/2026\/01\/ADRA-Ceska-Lipa.jpg 599w\" sizes=\"(max-width: 382px) 100vw, 382px\" \/>\u00a0 \u00a0 \u00a0\u00a0 <img loading=\"lazy\" decoding=\"async\" class=\"alignnone wp-image-4007\" src=\"https:\/\/lk.regionalnidobrovolnickecentrum.cz\/subdom\/lk\/wp-content\/uploads\/2026\/01\/adra-planek-300x277.jpg\" alt=\"\" width=\"584\" height=\"539\" srcset=\"https:\/\/lk.regionalnidobrovolnickecentrum.cz\/subdom\/lk\/wp-content\/uploads\/2026\/01\/adra-planek-300x277.jpg 300w, https:\/\/lk.regionalnidobrovolnickecentrum.cz\/subdom\/lk\/wp-content\/uploads\/2026\/01\/adra-planek-768x709.jpg 768w, https:\/\/lk.regionalnidobrovolnickecentrum.cz\/subdom\/lk\/wp-content\/uploads\/2026\/01\/adra-planek.jpg 991w\" sizes=\"(max-width: 584px) 100vw, 584px\" \/><\/p>\n","protected":false},"excerpt":{"rendered":"<p>I kdy\u017e D\u011b\u010d\u00edn nespad\u00e1 do Libereck\u00e9ho kraje, m\u00e1me k n\u011bmu bl\u00edzko a je zaj\u00edmav\u00e9, \u017ee dobrovolnictv\u00ed v tak velk\u00e9m m\u011bst\u011b<\/p>\n","protected":false},"author":20,"featured_media":4010,"comment_status":"closed","ping_status":"closed","sticky":false,"template":"","format":"standard","meta":{"om_disable_all_campaigns":false,"_monsterinsights_skip_tracking":false,"_monsterinsights_sitenote_active":false,"_monsterinsights_sitenote_note":"","_monsterinsights_sitenote_category":0,"footnotes":""},"categories":[93],"tags":[],"aioseo_notices":[],"_links":{"self":[{"href":"https:\/\/lk.regionalnidobrovolnickecentrum.cz\/subdom\/lk\/wp-json\/wp\/v2\/posts\/4005"}],"collection":[{"href":"https:\/\/lk.regionalnidobrovolnickecentrum.cz\/subdom\/lk\/wp-json\/wp\/v2\/posts"}],"about":[{"href":"https:\/\/lk.regionalnidobrovolnickecentrum.cz\/subdom\/lk\/wp-json\/wp\/v2\/types\/post"}],"author":[{"embeddable":true,"href":"https:\/\/lk.regionalnidobrovolnickecentrum.cz\/subdom\/lk\/wp-json\/wp\/v2\/users\/20"}],"replies":[{"embeddable":true,"href":"https:\/\/lk.regionalnidobrovolnickecentrum.cz\/subdom\/lk\/wp-json\/wp\/v2\/comments?post=4005"}],"version-history":[{"count":3,"href":"https:\/\/lk.regionalnidobrovolnickecentrum.cz\/subdom\/lk\/wp-json\/wp\/v2\/posts\/4005\/revisions"}],"predecessor-version":[{"id":4011,"href":"https:\/\/lk.regionalnidobrovolnickecentrum.cz\/subdom\/lk\/wp-json\/wp\/v2\/posts\/4005\/revisions\/4011"}],"wp:featuredmedia":[{"embeddable":true,"href":"https:\/\/lk.regionalnidobrovolnickecentrum.cz\/subdom\/lk\/wp-json\/wp\/v2\/media\/4010"}],"wp:attachment":[{"href":"https:\/\/lk.regionalnidobrovolnickecentrum.cz\/subdom\/lk\/wp-json\/wp\/v2\/media?parent=4005"}],"wp:term":[{"taxonomy":"category","embeddable":true,"href":"https:\/\/lk.regionalnidobrovolnickecentrum.cz\/subdom\/lk\/wp-json\/wp\/v2\/categories?post=4005"},{"taxonomy":"post_tag","embeddable":true,"href":"https:\/\/lk.regionalnidobrovolnickecentrum.cz\/subdom\/lk\/wp-json\/wp\/v2\/tags?post=4005"}],"curies":[{"name":"wp","href":"https:\/\/api.w.org\/{rel}","templated":true}]}}