{"id":4073,"date":"2025-09-26T19:05:06","date_gmt":"2025-09-26T17:05:06","guid":{"rendered":"https:\/\/lk.regionalnidobrovolnickecentrum.cz\/subdom\/lk\/?p=4073"},"modified":"2026-01-26T19:11:41","modified_gmt":"2026-01-26T18:11:41","slug":"setkani-zastupcu-rdc-v-praze","status":"publish","type":"post","link":"https:\/\/lk.regionalnidobrovolnickecentrum.cz\/subdom\/lk\/setkani-zastupcu-rdc-v-praze\/","title":{"rendered":"Setk\u00e1n\u00ed z\u00e1stupc\u016f Region\u00e1ln\u00edch dobrovolnick\u00fdch center v Praze"},"content":{"rendered":"<p>Minul\u00fd t\u00fdden se se\u0161li z\u00e1stupci Region\u00e1ln\u00edch dobrovolnick\u00fdch center na p\u016fd\u011b Ministerstva vnitra \u010cR.<\/p>\n<p>Za RDC Liberec se z\u00fa\u010dastnili vedouc\u00ed centra Radek Posp\u00ed\u0161il a\u00a0 koordin\u00e1torka komunikace Alena Kejzarov\u00e1.<\/p>\n<p>Mezi nov\u00e9 \u010dleny RDC byl ofici\u00e1ln\u011b p\u0159ijat \u010cesk\u00fd \u010derven\u00fd k\u0159\u00ed\u017e Kol\u00edn, kter\u00fd zastupuje <a href=\"https:\/\/www.srdcemprodruhe.cz\/\">Region\u00e1ln\u00ed dobrovolnick\u00e9 centrum pro St\u0159edo\u010desk\u00fd kraj.\u00a0<\/a><\/p>\n<p>T\u011b\u0161\u00edme se na setk\u00e1n\u00ed v prosinci na konferenci.<\/p>\n","protected":false},"excerpt":{"rendered":"<p>Minul\u00fd t\u00fdden se se\u0161li z\u00e1stupci Region\u00e1ln\u00edch dobrovolnick\u00fdch center na p\u016fd\u011b Ministerstva vnitra \u010cR. Za RDC Liberec se z\u00fa\u010dastnili vedouc\u00ed centra<\/p>\n","protected":false},"author":20,"featured_media":4076,"comment_status":"closed","ping_status":"closed","sticky":false,"template":"","format":"standard","meta":{"om_disable_all_campaigns":false,"_monsterinsights_skip_tracking":false,"_monsterinsights_sitenote_active":false,"_monsterinsights_sitenote_note":"","_monsterinsights_sitenote_category":0,"footnotes":""},"categories":[2],"tags":[],"aioseo_notices":[],"_links":{"self":[{"href":"https:\/\/lk.regionalnidobrovolnickecentrum.cz\/subdom\/lk\/wp-json\/wp\/v2\/posts\/4073"}],"collection":[{"href":"https:\/\/lk.regionalnidobrovolnickecentrum.cz\/subdom\/lk\/wp-json\/wp\/v2\/posts"}],"about":[{"href":"https:\/\/lk.regionalnidobrovolnickecentrum.cz\/subdom\/lk\/wp-json\/wp\/v2\/types\/post"}],"author":[{"embeddable":true,"href":"https:\/\/lk.regionalnidobrovolnickecentrum.cz\/subdom\/lk\/wp-json\/wp\/v2\/users\/20"}],"replies":[{"embeddable":true,"href":"https:\/\/lk.regionalnidobrovolnickecentrum.cz\/subdom\/lk\/wp-json\/wp\/v2\/comments?post=4073"}],"version-history":[{"count":3,"href":"https:\/\/lk.regionalnidobrovolnickecentrum.cz\/subdom\/lk\/wp-json\/wp\/v2\/posts\/4073\/revisions"}],"predecessor-version":[{"id":4077,"href":"https:\/\/lk.regionalnidobrovolnickecentrum.cz\/subdom\/lk\/wp-json\/wp\/v2\/posts\/4073\/revisions\/4077"}],"wp:featuredmedia":[{"embeddable":true,"href":"https:\/\/lk.regionalnidobrovolnickecentrum.cz\/subdom\/lk\/wp-json\/wp\/v2\/media\/4076"}],"wp:attachment":[{"href":"https:\/\/lk.regionalnidobrovolnickecentrum.cz\/subdom\/lk\/wp-json\/wp\/v2\/media?parent=4073"}],"wp:term":[{"taxonomy":"category","embeddable":true,"href":"https:\/\/lk.regionalnidobrovolnickecentrum.cz\/subdom\/lk\/wp-json\/wp\/v2\/categories?post=4073"},{"taxonomy":"post_tag","embeddable":true,"href":"https:\/\/lk.regionalnidobrovolnickecentrum.cz\/subdom\/lk\/wp-json\/wp\/v2\/tags?post=4073"}],"curies":[{"name":"wp","href":"https:\/\/api.w.org\/{rel}","templated":true}]}}