{"id":450,"date":"2020-07-08T20:53:28","date_gmt":"2020-07-08T18:53:28","guid":{"rendered":"https:\/\/lk.regionalnidobrovolnickecentrum.cz\/subdom\/lk\/?p=450"},"modified":"2020-10-23T10:59:13","modified_gmt":"2020-10-23T08:59:13","slug":"lektori-z-hestia-poradi-jak-zacit-s-firemnim-dobrovolnictvim","status":"publish","type":"post","link":"https:\/\/lk.regionalnidobrovolnickecentrum.cz\/subdom\/lk\/lektori-z-hestia-poradi-jak-zacit-s-firemnim-dobrovolnictvim\/","title":{"rendered":"Lekto\u0159i z HESTIA porad\u00ed, jak za\u010d\u00edt s firemn\u00edm dobrovolnictv\u00edm"},"content":{"rendered":"<p>Cht\u011bli byste na sv\u00e9m pracovi\u0161ti n\u011bco zm\u011bnit k&nbsp;lep\u0161\u00edmu? Hled\u00e1te vhodnou aktivitu pro firemn\u00ed teambuilding? Nebo byste zkr\u00e1tka r\u00e1di p\u0159isp\u011bli k&nbsp;tomu, aby bylo na sv\u011bt\u011b zase o n\u011bco l\u00e9pe? Centrum pro dobrovolnictv\u00ed HESTIA nab\u00edz\u00ed nov\u00fd workshop zam\u011b\u0159en\u00fd na firemn\u00ed dobrovolnick\u00fd program, jeho\u017e c\u00edlem je pomoci firm\u00e1m s&nbsp;p\u0159\u00edpravou, organizac\u00ed, ale i propagac\u00ed dobrovolnick\u00fdch aktivit.<!--more--><\/p>\n<blockquote><p>Jednodenn\u00ed workshop se odehraje 8. \u0159\u00edjna v&nbsp;\u010dase od 9 do 15:30 hodin v&nbsp;Praze.<\/p><\/blockquote>\n<p>\u00da\u010dastn\u00edci se dozv\u00ed nap\u0159\u00edklad jak nastavit firemn\u00ed dobrovolnick\u00fd program tak, aby co nejl\u00e9pe odpov\u00eddal zam\u011b\u0159en\u00ed firmy a jej\u00edm zam\u011bstnanc\u016fm, nau\u010d\u00ed se z\u00e1klady designu, vytvo\u0159\u00ed si ak\u010dn\u00ed pl\u00e1n, podle kter\u00e9ho mohou n\u00e1sledn\u011b p\u0159i zav\u00e1d\u011bn\u00ed programu postupovat. Z\u00e1rove\u0148 bude \u010das na sd\u00edlen\u00ed zku\u0161enost\u00ed s&nbsp;dobrovolnick\u00fdmi programy jednotliv\u00fdch \u00fa\u010dastn\u00edk\u016f. Cena workshopu je 4&nbsp;600 korun bez DPH.<\/p>\n<p>Lektorky Monika Kissov\u00e1 a Hana Vosmikov\u00e1 pomohou \u00fa\u010dastn\u00edk\u016fm vymyslet strategick\u00fd, inovativn\u00ed program, kter\u00fd bude m\u00edt po\u017eadovan\u00fd dopad na \u00fa\u010dastn\u00edky i jejich pracovi\u0161t\u011b, a to jak uvnit\u0159 firmy, tak pro ob\u010danskou spole\u010dnost.<\/p>\n<p>Akce je ur\u010den\u00e1 pro v\u0161echny, kte\u0159\u00ed maj\u00ed z\u00e1jem vytvo\u0159it ve sv\u00e9 firm\u011b nov\u00fd dobrovolnick\u00fd program, p\u0159\u00edpadn\u011b vylep\u0161it ten st\u00e1vaj\u00edc\u00ed, a\u0165 u\u017e se jedn\u00e1 o mana\u017eery, market\u00e9ry a HR specialisty, ale i pro nad\u0161ence, kte\u0159\u00ed cht\u011bj\u00ed zav\u00e9st dobrovolnick\u00fd program na m\u00edsto sv\u00e9ho pracovi\u0161t\u011b nad r\u00e1mec sv\u00fdch pracovn\u00edch povinnost\u00ed.<\/p>\n<p>P\u0159ihl\u00e1\u0161ky mohou z\u00e1jemci pos\u00edlat na e-mail <a href=\"mailto:monika.kissova@hest.cz\">monika.kissova@hest.cz<\/a>, nebo na telefonn\u00edm \u010d\u00edsle 778&nbsp;535&nbsp;756.<\/p>\n","protected":false},"excerpt":{"rendered":"<p>Centrum pro dobrovolnictv\u00ed HESTIA nab\u00edz\u00ed workshop zam\u011b\u0159en\u00fd na firemn\u00ed dobrovolnick\u00fd program, jeho\u017e c\u00edlem je pomoci firm\u00e1m s p\u0159\u00edpravou, organizac\u00ed i propagac\u00ed dobrovolnick\u00fdch aktivit.<\/p>\n","protected":false},"author":2,"featured_media":179,"comment_status":"closed","ping_status":"closed","sticky":false,"template":"","format":"standard","meta":{"om_disable_all_campaigns":false,"_monsterinsights_skip_tracking":false,"_monsterinsights_sitenote_active":false,"_monsterinsights_sitenote_note":"","_monsterinsights_sitenote_category":0,"footnotes":""},"categories":[5],"tags":[10,58,25,59],"aioseo_notices":[],"_links":{"self":[{"href":"https:\/\/lk.regionalnidobrovolnickecentrum.cz\/subdom\/lk\/wp-json\/wp\/v2\/posts\/450"}],"collection":[{"href":"https:\/\/lk.regionalnidobrovolnickecentrum.cz\/subdom\/lk\/wp-json\/wp\/v2\/posts"}],"about":[{"href":"https:\/\/lk.regionalnidobrovolnickecentrum.cz\/subdom\/lk\/wp-json\/wp\/v2\/types\/post"}],"author":[{"embeddable":true,"href":"https:\/\/lk.regionalnidobrovolnickecentrum.cz\/subdom\/lk\/wp-json\/wp\/v2\/users\/2"}],"replies":[{"embeddable":true,"href":"https:\/\/lk.regionalnidobrovolnickecentrum.cz\/subdom\/lk\/wp-json\/wp\/v2\/comments?post=450"}],"version-history":[{"count":3,"href":"https:\/\/lk.regionalnidobrovolnickecentrum.cz\/subdom\/lk\/wp-json\/wp\/v2\/posts\/450\/revisions"}],"predecessor-version":[{"id":791,"href":"https:\/\/lk.regionalnidobrovolnickecentrum.cz\/subdom\/lk\/wp-json\/wp\/v2\/posts\/450\/revisions\/791"}],"wp:featuredmedia":[{"embeddable":true,"href":"https:\/\/lk.regionalnidobrovolnickecentrum.cz\/subdom\/lk\/wp-json\/wp\/v2\/media\/179"}],"wp:attachment":[{"href":"https:\/\/lk.regionalnidobrovolnickecentrum.cz\/subdom\/lk\/wp-json\/wp\/v2\/media?parent=450"}],"wp:term":[{"taxonomy":"category","embeddable":true,"href":"https:\/\/lk.regionalnidobrovolnickecentrum.cz\/subdom\/lk\/wp-json\/wp\/v2\/categories?post=450"},{"taxonomy":"post_tag","embeddable":true,"href":"https:\/\/lk.regionalnidobrovolnickecentrum.cz\/subdom\/lk\/wp-json\/wp\/v2\/tags?post=450"}],"curies":[{"name":"wp","href":"https:\/\/api.w.org\/{rel}","templated":true}]}}