{"id":517,"date":"2020-08-11T09:06:30","date_gmt":"2020-08-11T07:06:30","guid":{"rendered":"https:\/\/lk.regionalnidobrovolnickecentrum.cz\/subdom\/lk\/?p=517"},"modified":"2020-10-23T11:13:58","modified_gmt":"2020-10-23T09:13:58","slug":"deset-let-od-povodni-na-liberecku-pomahali-profesionalove-i-dobrovolnici","status":"publish","type":"post","link":"https:\/\/lk.regionalnidobrovolnickecentrum.cz\/subdom\/lk\/deset-let-od-povodni-na-liberecku-pomahali-profesionalove-i-dobrovolnici\/","title":{"rendered":"Deset let od povodn\u00ed na Liberecku: pom\u00e1hali profesion\u00e1lov\u00e9 i dobrovoln\u00edci"},"content":{"rendered":"<p><em>\u017divoty tis\u00edc\u016f lid\u00ed ovlivnily p\u0159ed deseti lety p\u0159\u00edvalov\u00e9 de\u0161t\u011b, kter\u00e9 zas\u00e1hly Libereck\u00fd kraj v&nbsp;srpnu roku 2010. Proti \u017eiveln\u00e9 pohrom\u011b se tehdy postavilo 270 profesion\u00e1ln\u00edch i dobrovoln\u00fdch hasi\u010d\u016f, zhruba 40 z\u00e1chran\u00e1\u0159\u016f, stovky policist\u016f, voj\u00e1k\u016f i dobrovoln\u00edk\u016f. Zachra\u0148ovaly majetek i \u017eivoty. Jejich nasazen\u00ed oslavovali lid\u00e9 v&nbsp;sobotu 8. srpna p\u0159i vzpom\u00ednkov\u00e9 akci v&nbsp;B\u00edl\u00e9m Kostele nad Nisou. <\/em><!--more--><\/p>\n<blockquote><p>\u201eCht\u011bl jsem znovu pod\u011bkovat v\u0161em slo\u017ek\u00e1m integrovan\u00e9ho z\u00e1chrann\u00e9ho syst\u00e9mu, sbor\u016fm dobrovoln\u00fdch hasi\u010d\u016f a Arm\u00e1d\u011b \u010cesk\u00e9 republiky za z\u00e1slu\u017en\u00e9 \u010diny vykonan\u00e9 p\u0159i z\u00e1chran\u011b lidsk\u00fdch \u017eivot\u016f a majetku,\u201c uvedl hejtman Libereck\u00e9ho kraje Martin P\u016fta.<\/p><\/blockquote>\n<p>Povodn\u011b v&nbsp;roce <strong>2010<\/strong> zas\u00e1hly v\u00edce ne\u017e <strong>80 obc\u00ed<\/strong> v&nbsp;Libereck\u00e9m kraji. Pr\u0161et za\u010dalo v&nbsp;p\u00e1tek 6. srpna ve\u010der a prudk\u00fd d\u00e9\u0161\u0165 trval <strong>celou noc<\/strong>. Prvn\u00ed hovory s&nbsp;\u017e\u00e1dostmi o pomoc za\u010dali hasi\u010di p\u0159ij\u00edmat ve \u010dty\u0159i hodiny r\u00e1no dal\u0161\u00edho dne. Pot\u00fdkat se museli s&nbsp;vylit\u00fdmi \u0159ekami, zaplaven\u00fdmi domy, gar\u00e1\u017eemi, silnicemi i kolejnicemi. P\u0159estaly proto jezdit vlaky z&nbsp;Liberce do Hr\u00e1dku nad Nisou, z&nbsp;Fr\u00fddlantu do \u010cernous a do Vansdorfu, nebo do \u017ditavy, v&nbsp;mnoha dom\u00e1cnostech tak\u00e9 ne\u0161el proud. Povodn\u011b zap\u0159\u00ed\u010dinily smrt p\u011bti lid\u00ed a po\u0161kodily t\u00e9m\u011b\u0159 dva tis\u00edce dom\u00e1cnost\u00ed.<\/p>\n<h4>Dobrovoln\u00edci v akci<\/h4>\n<p>Celkov\u00e9 \u0161kody se tehdy vy\u0161plhaly a\u017e na osm miliard korun, a mohlo to b\u00fdt je\u0161t\u011b v\u00edce, kdyby se do pomoci nezapojili dobrovoln\u00edci i dobrovoln\u00ed hasi\u010di, kte\u0159\u00ed pom\u00e1hali, ani\u017e by za svou pr\u00e1ci o\u010dek\u00e1vali odm\u011bnu. Do pomoci v&nbsp;roce 2010 se zapojila nap\u0159\u00edklad <a href=\"https:\/\/www.adra.cz\/dobrovolnictvi\/liberec\" target=\"_blank\" rel=\"noopener noreferrer\">Humanit\u00e1rn\u00ed organizace ADRA<\/a>, d\u00e1le <a href=\"http:\/\/cck-liberec.cz\/\" target=\"_blank\" rel=\"noopener noreferrer\">\u010cesk\u00fd \u010derven\u00fd k\u0159\u00ed\u017e<\/a>, <a href=\"https:\/\/www.diakonie.cz\/\" target=\"_blank\" rel=\"noopener noreferrer\">Diakonie \u010ceskobratrsk\u00e9 c\u00edrkve evangelick\u00e9<\/a>, <a href=\"http:\/\/elvahelp.cz\/\" target=\"_blank\" rel=\"noopener noreferrer\">Elva Help<\/a>, <a href=\"https:\/\/www.clovekvtisni.cz\/co-delame\/socialni-prace-v-cr\/liberec\" target=\"_blank\" rel=\"noopener noreferrer\">\u010clov\u011bk v&nbsp;t\u00edsni<\/a>, Hand for help, nebo <a href=\"https:\/\/charitaliberec.cz\/\" target=\"_blank\" rel=\"noopener noreferrer\">Oblastn\u00ed charita Liberec<\/a>. Dohromady vyslali do ter\u00e9nu t\u00e9m\u011b\u0159 dva tis\u00edce dobrovoln\u00edk\u016f. Neziskov\u00e9 organizace tak\u00e9 po\u0159\u00e1daly sb\u00edrky a zasadily se o to, aby se pen\u011b\u017en\u00ed i jin\u00e9 dary dostaly a\u017e k&nbsp;lidem v&nbsp;nouzi.<\/p>\n<p>Dobrovoln\u00edci se sch\u00e1zeli v&nbsp;s\u00eddle \u010cesk\u00e9ho \u010derven\u00e9ho k\u0159\u00ed\u017ee oblastn\u00edho spolku v&nbsp;Liberci, kde pl\u00e1novali, jak nejl\u00e9pe pomoci lidem zasa\u017een\u00fdm povodn\u011bmi. Koordin\u00e1to\u0159i dobrovoln\u00edk\u016f vys\u00edlali jednotliv\u00e9 skupiny na m\u00edsta, kde jich bylo pot\u0159eba. Na spole\u010dn\u00fdch porad\u00e1ch si pak dobrovoln\u00edci vym\u011b\u0148ovali poznatky a zku\u0161enosti z&nbsp;ter\u00e9nu, kter\u00e9 vyu\u017e\u00edvali p\u0159i dal\u0161\u00ed pomoci.<\/p>\n<p>Sou\u010d\u00e1st\u00ed pomoci lidem posti\u017een\u00fdm z\u00e1plavami byla zdravotnick\u00e1 a psychologick\u00e1 pomoc, ale tak\u00e9 likvida\u010dn\u00ed pr\u00e1ce, kdy bylo pot\u0159eba nap\u0159\u00edklad odstranit ze silnic \u010di kolej\u00ed stromy, \u010di uklidit jin\u00e9 n\u00e1sledky potopy. Ka\u017ed\u00e1 pomoc byla drah\u00e1. \u201eD\u011blali jsme, co bylo zrovna pot\u0159eba. P\u00e1rkr\u00e1t jsem vezl z Liberce do Raspenavy pln\u00e9 auto pracovn\u00edch pom\u016fcek, dezinfekce, rukavic, r\u016fzn\u00fdch hadr\u016f. Tak\u00e9 jsem ukl\u00edzel n\u00e1nosy p\u00edsku ze zahr\u00e1dky nebo ze stud\u00e1nky,&#8221; popisuje \u010dinnost dobrovoln\u00edk z organizace ADRA Pavel Lank, kter\u00fd p\u0159i povodn\u00edch v roce 2010 pom\u00e1hal. Mezi dobrovolnou pomoc pat\u0159ilo i poskytnut\u00ed ubytov\u00e1n\u00ed senior\u016fm z Chrastavy, jejich\u017e domov vyplavila voda.<\/p>\n<p>Samotn\u00e1 katastrofa ale nen\u00ed v\u0161e, co si m\u016f\u017eeme deset let po ud\u00e1losti p\u0159ipomenout. V\u00fdstava s&nbsp;n\u00e1zvem <strong>10 let od povodn\u00ed<\/strong> zahrnuje krom\u011b fotografi\u00ed z roku 2010 tak\u00e9 n\u00e1vrh liniov\u00fdch opat\u0159en\u00ed proti vod\u011b v n\u011bkter\u00fdch obc\u00edch na toku Nisy. Z\u00e1jemci mohou tak\u00e9 nahl\u00e9dnout do Povod\u0148ov\u00e9ho port\u00e1lu kraje, nebo si p\u0159ipomenout, jak v roce 2010 vypadala krizov\u00e1 komunikace. D\u016fle\u017eit\u00e9 je toti\u017e nejen vzpom\u00ednat, ale tak\u00e9 se um\u011bt z katastrofy pou\u010dit. V\u00fdstava je od 3. do 28. srpna k vid\u011bn\u00ed ve vstupn\u00edm vestibulu Krajsk\u00e9ho \u00fa\u0159adu Libereck\u00e9ho kraje.<\/p>\n","protected":false},"excerpt":{"rendered":"<p>\u017divoty tis\u00edc\u016f lid\u00ed ovlivnily p\u0159ed deseti lety p\u0159\u00edvalov\u00e9 de\u0161t\u011b, kter\u00e9 zas\u00e1hly Libereck\u00fd kraj v srpnu roku 2010. <\/p>\n","protected":false},"author":2,"featured_media":518,"comment_status":"closed","ping_status":"closed","sticky":false,"template":"","format":"standard","meta":{"om_disable_all_campaigns":false,"_monsterinsights_skip_tracking":false,"_monsterinsights_sitenote_active":false,"_monsterinsights_sitenote_note":"","_monsterinsights_sitenote_category":0,"footnotes":""},"categories":[2],"tags":[67,10,48,21,60,66,68],"aioseo_notices":[],"_links":{"self":[{"href":"https:\/\/lk.regionalnidobrovolnickecentrum.cz\/subdom\/lk\/wp-json\/wp\/v2\/posts\/517"}],"collection":[{"href":"https:\/\/lk.regionalnidobrovolnickecentrum.cz\/subdom\/lk\/wp-json\/wp\/v2\/posts"}],"about":[{"href":"https:\/\/lk.regionalnidobrovolnickecentrum.cz\/subdom\/lk\/wp-json\/wp\/v2\/types\/post"}],"author":[{"embeddable":true,"href":"https:\/\/lk.regionalnidobrovolnickecentrum.cz\/subdom\/lk\/wp-json\/wp\/v2\/users\/2"}],"replies":[{"embeddable":true,"href":"https:\/\/lk.regionalnidobrovolnickecentrum.cz\/subdom\/lk\/wp-json\/wp\/v2\/comments?post=517"}],"version-history":[{"count":5,"href":"https:\/\/lk.regionalnidobrovolnickecentrum.cz\/subdom\/lk\/wp-json\/wp\/v2\/posts\/517\/revisions"}],"predecessor-version":[{"id":799,"href":"https:\/\/lk.regionalnidobrovolnickecentrum.cz\/subdom\/lk\/wp-json\/wp\/v2\/posts\/517\/revisions\/799"}],"wp:featuredmedia":[{"embeddable":true,"href":"https:\/\/lk.regionalnidobrovolnickecentrum.cz\/subdom\/lk\/wp-json\/wp\/v2\/media\/518"}],"wp:attachment":[{"href":"https:\/\/lk.regionalnidobrovolnickecentrum.cz\/subdom\/lk\/wp-json\/wp\/v2\/media?parent=517"}],"wp:term":[{"taxonomy":"category","embeddable":true,"href":"https:\/\/lk.regionalnidobrovolnickecentrum.cz\/subdom\/lk\/wp-json\/wp\/v2\/categories?post=517"},{"taxonomy":"post_tag","embeddable":true,"href":"https:\/\/lk.regionalnidobrovolnickecentrum.cz\/subdom\/lk\/wp-json\/wp\/v2\/tags?post=517"}],"curies":[{"name":"wp","href":"https:\/\/api.w.org\/{rel}","templated":true}]}}