{"id":665,"date":"2020-09-29T14:08:50","date_gmt":"2020-09-29T12:08:50","guid":{"rendered":"https:\/\/lk.regionalnidobrovolnickecentrum.cz\/subdom\/lk\/?p=665"},"modified":"2020-10-23T11:04:07","modified_gmt":"2020-10-23T09:04:07","slug":"dobrovolnictvi-u-cloveka-v-tisni-nejde-o-to-udelat-z-petkare-lekare-primarne-suplujeme-kompetence-rodiny","status":"publish","type":"post","link":"https:\/\/lk.regionalnidobrovolnickecentrum.cz\/subdom\/lk\/dobrovolnictvi-u-cloveka-v-tisni-nejde-o-to-udelat-z-petkare-lekare-primarne-suplujeme-kompetence-rodiny\/","title":{"rendered":"Dobrovolnictv\u00ed u \u010clov\u011bka v t\u00edsni: Nejde o to, ud\u011blat z p\u011btka\u0159e l\u00e9ka\u0159e. Prim\u00e1rn\u011b suplujeme kompetence rodiny"},"content":{"rendered":"<p><em>Malink\u00e1 kom\u016frka je domovem jeden\u00e1cti lid\u00ed, a pak tak\u00e9 jin\u00fdch obyvatel, nap\u0159\u00edklad \u0161t\u011bnic. Ka\u017ed\u00e9 d\u00edt\u011b vlastn\u00ed jedny tepl\u00e1ky a na&nbsp;jedn\u00e9 posteli se vysp\u00ed \u010dty\u0159i. To nen\u00ed obr\u00e1zek z&nbsp;rozvojov\u00e9 zem\u011b, ale realita v&nbsp;n\u011bkter\u00fdch \u010desk\u00fdch dom\u00e1cnostech. I na takov\u00e1 m\u00edsta doch\u00e1z\u00ed dobrovoln\u00edci z&nbsp;nevl\u00e1dn\u00ed neziskov\u00e9 organizace <a href=\"https:\/\/www.clovekvtisni.cz\/co-delame\/socialni-prace-v-cr\/liberec\" target=\"_blank\" rel=\"noopener noreferrer\">\u010clov\u011bk v&nbsp;t\u00edsni<\/a>. \u201e\u010clov\u011bk opravdu vyleze ze sv\u00e9 soci\u00e1ln\u00ed bubliny. N\u011bkdy si ani nedok\u00e1\u017eeme p\u0159edstavit, \u017ee n\u011bkde ten st\u0159edov\u011bk st\u00e1le je\u0161t\u011b je,\u201c \u0159\u00edk\u00e1 koordin\u00e1torka podpory vzd\u011bl\u00e1v\u00e1n\u00ed \u010clov\u011bka v&nbsp;t\u00edsni v&nbsp;Libereck\u00e9m kraji Hana Dost\u00e1lov\u00e1.<\/em><!--more--><\/p>\n<blockquote><p>Dobrovoln\u00edci jsou na\u0161e prodlou\u017een\u00e1 ruka, bez nich bychom tolik d\u011bt\u00ed nikdy podpo\u0159it nezvl\u00e1dli \u2013 Hana Dost\u00e1lov\u00e1<\/p><\/blockquote>\n<p>Organizaci \u010clov\u011bk v t\u00edsni zalo\u017eili roku 1992 v\u00e1le\u010dn\u00ed zpravodajov\u00e9. Na sv\u00fdch zahrani\u010dn\u00edch cest\u00e1ch vid\u011bli na vlastn\u00ed o\u010di chudobu a utrpen\u00ed, ve kter\u00e9m tam\u011bj\u0161\u00ed lid\u00e9 \u017eij\u00ed, a tak se rozhodli vyv\u00e1\u017eet do oblast\u00ed konflikt\u016f pomoc. Dnes u\u017e organizace pom\u00e1h\u00e1 ve t\u0159iceti zem\u00edch sv\u011bta, v\u00fdznamnou roli v soci\u00e1ln\u00ed pomoci sehr\u00e1v\u00e1 i v \u010cesk\u00e9 republice. Jej\u00ed rozs\u00e1hl\u00e9 p\u016fsoben\u00ed je do jist\u00e9 m\u00edry z\u00e1visl\u00e9 i na pomoci dobrovoln\u00edk\u016f. T\u011bch s \u010clov\u011bkem v t\u00edsni za lo\u0148sk\u00fd rok spolupracovalo v r\u016fzn\u00fdch koutech republiky zhruba 300. D\u00edky nim se vloni poda\u0159ilo dou\u010dovat okolo 900 d\u011bt\u00ed. \u201eDobrovoln\u00edci jsou na\u0161e prodlou\u017een\u00e1 ruka, bez nich bychom tolik d\u011bt\u00ed nikdy podpo\u0159it nezvl\u00e1dli. Z\u00e1rove\u0148 na n\u011b ale nep\u0159en\u00e1\u0161\u00edme zodpov\u011bdnost, ta le\u017e\u00ed na bedrech na\u0161ich zam\u011bstnanc\u016f, kte\u0159\u00ed jsou dobrovoln\u00edk\u016fm k dispozici,\u201c vysv\u011btluje Dost\u00e1lov\u00e1, kter\u00e1 se v\u011bnuje p\u0159edev\u0161\u00edm vzd\u011bl\u00e1vac\u00edm projekt\u016fm pro d\u011bti ze soci\u00e1ln\u011b slab\u0161\u00edch rodin.<\/p>\n<p>Pr\u00e1v\u011b v&nbsp;oblasti vzd\u011bl\u00e1v\u00e1n\u00ed p\u016fsob\u00ed v&nbsp;Libereck\u00e9m \u010clov\u011bku v&nbsp;t\u00edsni nejv\u00edce dobrovoln\u00edk\u016f. Existuje hned n\u011bkolik mo\u017enost\u00ed, jak se zapojit. Jedn\u00e1 se nap\u0159\u00edklad o individu\u00e1ln\u00ed dou\u010dov\u00e1n\u00ed d\u011bt\u00ed na prvn\u00edm stupni, je ale mo\u017en\u00e9 p\u0159idat se i jako pomocn\u00fd vyu\u010duj\u00edc\u00ed v&nbsp;n\u00edzkoprahov\u00fdch a p\u0159ed\u0161koln\u00edch kruz\u00edch. Pod \u010clov\u011bka v&nbsp;t\u00edsni spad\u00e1 i zn\u00e1m\u00fd mezin\u00e1rodn\u00ed festival dokument\u00e1rn\u00edch film\u016f v\u011bnovan\u00fdch problematice lidsk\u00fdch pr\u00e1v <a href=\"https:\/\/www.jedensvet.cz\/2020\/liberec\" target=\"_blank\" rel=\"noopener noreferrer\">Jeden sv\u011bt<\/a>, kter\u00fd se letos uskute\u010dn\u00ed v&nbsp;\u0159\u00edjnu, pokud to situace dovol\u00ed.<\/p>\n<h4><strong>Skupina dobrovoln\u00edk\u016f je pestr\u00e1, stejn\u011b jako n\u00e1pl\u0148 jejich pr\u00e1ce <\/strong><\/h4>\n<p>Do dlouhodob\u00e9 dobrovolnick\u00e9 pomoci se zapojuje pestr\u00e1 sm\u011bsice lid\u00ed od student\u016f st\u0159edn\u00edch \u0161kol, p\u0159es vysoko\u0161kol\u00e1ky, zam\u011bstnan\u00e9 jedince a\u017e po seniory. \u201eByl tu nap\u0159\u00edklad tat\u00ednek od \u010dty\u0159 d\u011bt\u00ed, kter\u00fd se jednoho kr\u00e1sn\u00e9ho dne rozhodl, \u017ee se chce m\u00edsto technick\u00e9mu sektoru v\u011bnovat pedagogice, a tak u n\u00e1s na\u010derp\u00e1val praxi, nebo dal\u0161\u00ed tat\u00ednek t\u0159\u00ed d\u011bt\u00ed, kter\u00fd \u0159\u00edkal, \u017ee by si t\u00edmto zp\u016fsobem pot\u0159eboval zpravit karmu (sm\u00edch). Je tu ale i sta\u0159ink\u00fd p\u00e1n, b\u00fdval\u00fd profesor z&nbsp;vysok\u00e9 \u0161koly, kter\u00fd pom\u00e1h\u00e1 jednomu chlape\u010dkovi s&nbsp;fyzikou,\u201c vyjmenov\u00e1v\u00e1 dobrovoln\u00edky koordin\u00e1torka. Dod\u00e1v\u00e1, \u017ee pro dobrovolni\u010den\u00ed nen\u00ed podm\u00ednkou \u017e\u00e1dn\u00e1 oborov\u00e1 kvalifikace, sta\u010d\u00ed v\u011bk vy\u0161\u0161\u00ed patn\u00e1cti let, trestn\u00e1 bez\u00fahonnost a ochota v\u011bnovat sv\u016fj \u010das ve&nbsp;prosp\u011bch druh\u00fdch.<\/p>\n<figure id=\"attachment_671\" aria-describedby=\"caption-attachment-671\" style=\"width: 692px\" class=\"wp-caption alignnone\"><img loading=\"lazy\" decoding=\"async\" class=\" wp-image-671\" src=\"https:\/\/lk.regionalnidobrovolnickecentrum.cz\/subdom\/lk\/wp-content\/uploads\/2020\/09\/PV_Zoo-2019_2-300x225.jpg\" alt=\"\" width=\"692\" height=\"519\" srcset=\"https:\/\/lk.regionalnidobrovolnickecentrum.cz\/subdom\/lk\/wp-content\/uploads\/2020\/09\/PV_Zoo-2019_2-300x225.jpg 300w, https:\/\/lk.regionalnidobrovolnickecentrum.cz\/subdom\/lk\/wp-content\/uploads\/2020\/09\/PV_Zoo-2019_2-1024x768.jpg 1024w, https:\/\/lk.regionalnidobrovolnickecentrum.cz\/subdom\/lk\/wp-content\/uploads\/2020\/09\/PV_Zoo-2019_2-768x576.jpg 768w, https:\/\/lk.regionalnidobrovolnickecentrum.cz\/subdom\/lk\/wp-content\/uploads\/2020\/09\/PV_Zoo-2019_2-1536x1152.jpg 1536w, https:\/\/lk.regionalnidobrovolnickecentrum.cz\/subdom\/lk\/wp-content\/uploads\/2020\/09\/PV_Zoo-2019_2.jpg 2048w\" sizes=\"(max-width: 692px) 100vw, 692px\" \/><figcaption id=\"caption-attachment-671\" class=\"wp-caption-text\">Jedn\u00edm z program\u016f \u010clov\u011bka v t\u00edsni jsou i n\u00edzkoprahov\u00e9 kluby nebo letn\u00ed t\u00e1bory, jejich\u017e ob\u010dasnou n\u00e1pln\u00ed m\u016f\u017ee b\u00fdt nap\u0159\u00edklad n\u00e1v\u0161t\u011bva ZOO.<\/figcaption><\/figure>\n<p>Nen\u00ed se t\u0159eba b\u00e1t ani nedostate\u010dn\u00fdch znalost\u00ed. Mezi individu\u00e1ln\u011b dou\u010dovan\u00e9 d\u011bti pat\u0159\u00ed nej\u010dast\u011bji (ale nejen) prv\u0148\u00e1\u010dci a\u017e t\u0159e\u0165\u00e1\u010dci, kte\u0159\u00ed nej\u010dast\u011bji bojuj\u00ed se \u010dten\u00edm, psan\u00edm a po\u010d\u00edt\u00e1n\u00edm. \u201eNesuplujeme kompetence \u0161koly, ale sp\u00ed\u0161 kompetence rodiny: dobrovoln\u00edk zkontroluje not\u00fdsek, ud\u011bl\u00e1 s d\u00edt\u011btem dom\u00e1c\u00ed \u00fakoly, pod\u00edv\u00e1 se do \u017e\u00e1kovsk\u00e9, spole\u010dn\u011b o\u0159e\u017eou tu\u017eky, dovysv\u011btl\u00ed to, co d\u00edt\u011b nepochopilo ve \u0161kole a na v\u00edc nezb\u00fdv\u00e1 \u010das,\u201c uv\u00e1d\u00ed Dost\u00e1lov\u00e1.<\/p>\n<p>D\u016fle\u017eit\u00e9 je nejen vzd\u011bl\u00e1v\u00e1n\u00ed d\u011bt\u00ed, ale tak\u00e9 rozv\u00edjen\u00ed kompetenc\u00ed rodi\u010d\u016f, kte\u0159\u00ed b\u00fdvaj\u00ed p\u0159i dou\u010dov\u00e1n\u00ed p\u0159\u00edtomn\u00ed. N\u011bkte\u0159\u00ed z&nbsp;nich podle Dost\u00e1lov\u00e9 nikdy neza\u017eili, \u017ee by se jim n\u011bkdo takto v\u011bnoval, proto to sami neum\u00ed. Postupem \u010dasu se tak rodi\u010de nau\u010d\u00ed, aby d\u00edt\u011b m\u011blo sv\u016fj vlastn\u00ed pracovn\u00ed st\u016fl, aby se vypnula televize, kdy\u017e se u\u010d\u00ed, nebo aby v&nbsp;pokoji nepob\u00edhaly dal\u0161\u00ed d\u011bti. \u201eI takov\u00e9 z&nbsp;na\u0161eho pohledu \u201ehovadiny\u201c um\u00ed p\u0159\u00edpravu ohromn\u00fdm zp\u016fsobem posunout a d\u00edt\u011b se pak do \u0161koly t\u011b\u0161\u00ed, nebo se minim\u00e1ln\u011b tolik neboj\u00ed,\u201c m\u00edn\u00ed Dost\u00e1lov\u00e1.<\/p>\n<p>P\u0159esto kdy\u017e za n\u00ed p\u0159ijde z\u00e1jemce o dobrovolnou pomoc, nejprve ho od pr\u00e1ce odrazuje. \u201eDobrovoln\u00edci n\u00e1m nap\u00ed\u0161\u00ed, nebo zavolaj\u00ed. Hned v&nbsp;druh\u00e9 vln\u011b dojde ke smluven\u00ed osobn\u00ed sch\u016fzky. Na t\u00e9 dobrovoln\u00edky v\u011bt\u0161inou stra\u0161\u00edm. \u0158\u00edk\u00e1m jim: opravdu to nen\u00ed hodnocen\u00e9, nen\u00ed to hezk\u00e9 prost\u0159ed\u00ed, jsou to chud\u00e9 rodiny, na ubytovn\u00e1ch je nepo\u0159\u00e1dek, jsou tam zv\u00ed\u0159\u00e1tka, kter\u00e1 tam nechcete potkat. Klienti \u010dasto nejsou motivovan\u00ed, jde to s&nbsp;nimi nahoru dol\u016f, jste s&nbsp;t\u00edm v&nbsp;pohod\u011b? A kdy\u017e je neodrad\u00edm ani administrativou \u2013 mus\u00ed podepsat dobrovolnickou smlouvu, dohodu o ml\u010denlivosti a ve\u0161ker\u00fd kontakt s&nbsp;rodinou zaznamen\u00e1vat, mus\u00ed vypl\u0148ovat n\u011bco jako t\u0159\u00eddnici, do kter\u00e9 v\u017edy zap\u00ed\u0161\u00ed, co s&nbsp;d\u00edt\u011btem probrali a dal\u0161\u00ed poznatky \u2013 tak v&nbsp;ten moment si pod\u00e1me ruce a za\u010dneme hledat rodinu, kter\u00e1 by dobrovoln\u00edkovi mohla sed\u011bt,\u201c popisuje postup Dost\u00e1lov\u00e1.<\/p>\n<blockquote><p>\u010clov\u011bka, kter\u00fd za n\u00e1mi p\u0159ijde s t\u00edm, \u017ee ud\u011bl\u00e1 z p\u011btka\u0159e jedni\u010dk\u00e1\u0159e, nebo z absolutn\u011b demotivovan\u00e9ho d\u00edt\u011bte l\u00e9ka\u0159e, mus\u00edme v ambic\u00edch trochu krotit \u2013 Hana Dost\u00e1lov\u00e1<\/p><\/blockquote>\n<p>Podle n\u00ed je d\u016fle\u017eit\u00e9, aby si dobrovoln\u00edk s d\u00edt\u011btem sedli i lidsky. Pokud by se to nepoda\u0159ilo, nen\u00ed probl\u00e9m m\u00edsto p\u016fsoben\u00ed zm\u011bnit. Dobrovoln\u00edk pak do rodiny doch\u00e1z\u00ed ka\u017ed\u00fd t\u00fdden zhruba na dv\u011b hodiny. \u010c\u00e1st \u010dasu se s d\u00edt\u011btem u\u010d\u00ed, \u010d\u00e1st si pov\u00eddaj\u00ed. \u201eN\u011bkte\u0159\u00ed lid\u00e9 jsou nad\u0161en\u00ed, cht\u011bj\u00ed zachra\u0148ovat sv\u011bt, ale ta na\u0161e klientsk\u00e1 skupina je specifick\u00e1. \u010clov\u011bk se mus\u00ed p\u0159ipravit na to, \u017ee vzd\u011bl\u00e1v\u00e1n\u00ed nen\u00ed na prvn\u00ed koleji, ale a\u017e na t\u00e9 \u0161est\u00e9, sedm\u00e9, proto\u017ee ty rodiny v\u011bt\u0161inou \u0159e\u0161\u00ed obrovsk\u00e9 existen\u010dn\u00ed probl\u00e9my, nemaj\u00ed jist\u00e9 bydlen\u00ed, mohou m\u00edt velk\u00e9 exekuce, nebo maj\u00ed v\u011bt\u0161\u00ed mno\u017estv\u00ed d\u011bt\u00ed. \u010clov\u011bka, kter\u00fd za n\u00e1mi p\u0159ijde s t\u00edm, \u017ee ud\u011bl\u00e1 z p\u011btka\u0159e jedni\u010dk\u00e1\u0159e, nebo z absolutn\u011b demotivovan\u00e9ho d\u00edt\u011bte l\u00e9ka\u0159e, mus\u00edme v ambic\u00edch trochu krotit,\u201c sm\u011bje se Dost\u00e1lov\u00e1.<\/p>\n<h4><strong>Dobrovolnictv\u00ed v&nbsp;dob\u011b koronavirov\u00e9<\/strong><\/h4>\n<p>Proto\u017ee se opat\u0159en\u00ed spojen\u00e1 s koronavirovou pandemi\u00ed nevyhnula ani dobrovolnick\u00e9 sf\u00e9\u0159e, p\u0159ipravuj\u00ed se v sou\u010dasn\u00e9 dob\u011b dobrovoln\u00edci z \u010clov\u011bka v t\u00edsni na mo\u017enou druhou vlnu. \u201eMnohdy dou\u010dujeme ve st\u00edsn\u011bn\u00fdch prostorech, kde \u017eije velk\u00e9 mno\u017estv\u00ed lid\u00ed, a tam kdyby se n\u011bkdo nakazil, byl by to velk\u00fd probl\u00e9m. Proto k situaci p\u0159istupujeme s respektem. Kde to \u0161lo, nastavili jsme online dou\u010dov\u00e1n\u00ed. D\u00edky sb\u00edrce <a href=\"https:\/\/www.clovekvtisni.cz\/sos-cesko-2020-6619gp\" target=\"_blank\" rel=\"noopener noreferrer\">SOS \u010cesko<\/a> a spolupr\u00e1ci s&nbsp;<a href=\"https:\/\/cesko.digital\/\" target=\"_blank\" rel=\"noopener noreferrer\">\u010cesko Digital<\/a> m\u00e1me k&nbsp;dispozici notebooky, kter\u00e9 m\u016f\u017eeme rodin\u00e1m zap\u016fj\u010dit. Rodiny ale mnohdy nev\u00ed, jak s&nbsp;t\u00edm bezpe\u010dn\u011b nakl\u00e1dat. Sna\u017e\u00edme se proto d\u011bti nau\u010dit, jak s&nbsp;notebookem pracovat, aby se mohli p\u0159\u00edpadn\u011b p\u0159ipojit k&nbsp;online \u0161koln\u00edmu vyu\u010dov\u00e1n\u00ed a n\u00e1sledn\u011b tak\u00e9 propojit s&nbsp;dobrovoln\u00edkem,\u201c uv\u00e1d\u00ed Dost\u00e1lov\u00e1.<\/p>\n<figure id=\"attachment_672\" aria-describedby=\"caption-attachment-672\" style=\"width: 678px\" class=\"wp-caption alignnone\"><img loading=\"lazy\" decoding=\"async\" class=\" wp-image-672\" src=\"https:\/\/lk.regionalnidobrovolnickecentrum.cz\/subdom\/lk\/wp-content\/uploads\/2020\/09\/PV_Zoo-2019-300x225.jpg\" alt=\"\" width=\"678\" height=\"509\" srcset=\"https:\/\/lk.regionalnidobrovolnickecentrum.cz\/subdom\/lk\/wp-content\/uploads\/2020\/09\/PV_Zoo-2019-300x225.jpg 300w, https:\/\/lk.regionalnidobrovolnickecentrum.cz\/subdom\/lk\/wp-content\/uploads\/2020\/09\/PV_Zoo-2019-1024x768.jpg 1024w, https:\/\/lk.regionalnidobrovolnickecentrum.cz\/subdom\/lk\/wp-content\/uploads\/2020\/09\/PV_Zoo-2019-768x576.jpg 768w, https:\/\/lk.regionalnidobrovolnickecentrum.cz\/subdom\/lk\/wp-content\/uploads\/2020\/09\/PV_Zoo-2019-1536x1152.jpg 1536w, https:\/\/lk.regionalnidobrovolnickecentrum.cz\/subdom\/lk\/wp-content\/uploads\/2020\/09\/PV_Zoo-2019.jpg 2048w\" sizes=\"(max-width: 678px) 100vw, 678px\" \/><figcaption id=\"caption-attachment-672\" class=\"wp-caption-text\">V dob\u011b koronavirov\u00e9 pandemie, po zkon\u010den\u00ed nouzov\u00e9ho stavu, dou\u010dovali dobrovoln\u00edci d\u011bti venku, aby sn\u00ed\u017eili riziko n\u00e1kazy. Zdroj: \u010clov\u011bk v t\u00edsni<\/figcaption><\/figure>\n<h4><strong>Dobrovolnictv\u00ed je kl\u00ed\u010dem k&nbsp;p\u0159\u00e1telstv\u00ed i ke kari\u00e9\u0159e<\/strong><\/h4>\n<p>Pro dobrovoln\u00edky \u010clov\u011bka v&nbsp;t\u00edsni se Dost\u00e1lov\u00e1 sna\u017e\u00ed zprost\u0159edkov\u00e1vat i r\u016fzn\u00e9 pracovn\u00ed benefity. \u201eR\u00e1di potvrd\u00edme spln\u011bn\u00ed praxe, na konci roku dobrovoln\u00edk\u016fm tak\u00e9 d\u00e1v\u00e1me certifik\u00e1ty, kter\u00e9 mohou p\u0159ilo\u017eit k&nbsp;motiva\u010dn\u00edm dopis\u016fm v p\u0159ihl\u00e1\u0161ce na vysokou \u0161kolu, nebo kdy\u017e se uch\u00e1z\u00ed o nov\u00e9 zam\u011bstn\u00e1n\u00ed. Nab\u00edz\u00edme i mo\u017enost d\u00e1le se vzd\u011bl\u00e1vat. Mohou nap\u0159\u00edklad konzultovat s&nbsp;na\u0161\u00ed speci\u00e1ln\u00ed pedago\u017ekou na Fr\u00fddlandsku,\u201c vyjmenov\u00e1v\u00e1. D\u00edky pr\u00e1ci s&nbsp;d\u011btmi se dobrovoln\u00edci tak\u00e9 \u010dasto zdarma dostanou nap\u0159\u00edklad na komentovanou prohl\u00eddku do ZOO nebo do knihovny, odkud odch\u00e1z\u00ed minim\u00e1ln\u011b stejn\u011b nad\u0161en\u00ed, jako jejich klient. \u201eVe Fr\u00fddlantu provozujeme program Star\u0161\u00ed kamar\u00e1d, ve kter\u00e9m je dokonce ur\u010deno, jak \u010dasto mus\u00ed dobrovoln\u00edk s&nbsp;d\u00edt\u011btem n\u011bkam vyrazit za volno\u010dasovou aktivitou,\u201c upozor\u0148uje na dal\u0161\u00ed z&nbsp;p\u0159\u00edle\u017eitost\u00ed Dost\u00e1lov\u00e1.<\/p>\n<p>Dobrovolnictv\u00ed m\u016f\u017ee b\u00fdt tak\u00e9 kl\u00ed\u010dem k&nbsp;odstartov\u00e1n\u00ed pracovn\u00ed kari\u00e9ry. Nen\u00ed v\u00fdjimkou, \u017ee se \u010dlov\u011bk na pozici dobrovoln\u00edka pozd\u011bji p\u0159ehoupne na plnohodnotn\u00e9ho pracovn\u00edka v&nbsp;dan\u00e9 organizaci. \u201eSamoz\u0159ejm\u011b to nen\u00ed podm\u00ednka, ale kdy\u017e se to povede, je to \u00fa\u017easn\u00e1 v\u011bc. Zrovna te\u010f jsem nab\u00edrala na pln\u00fd \u00favazek mladinkou sle\u010dnu. Za norm\u00e1ln\u00edch okolnost\u00ed, na z\u00e1klad\u011b \u017eivotopisu, bych z&nbsp;toho m\u011bla respekt, ale t\u00edm, \u017ee u n\u00e1s u\u017e t\u0159i roky dobrovolni\u010dila, nem\u011bla jsem sebemen\u0161\u00ed pochybnosti, \u017ee pozici zvl\u00e1dne. U\u0161et\u0159ila mi tak t\u0159i m\u011bs\u00edce, kter\u00e9 bych str\u00e1vila zau\u010dov\u00e1n\u00edm n\u011bkoho jin\u00e9ho,\u201c pochvaluje si spolupr\u00e1ci Dost\u00e1lov\u00e1.<\/p>\n<p>&nbsp;<\/p>\n","protected":false},"excerpt":{"rendered":"<p>Dobrovoln\u00edci u \u010clov\u011bka v t\u00edsni mohou dou\u010dovat d\u011bti ze soci\u00e1ln\u011b slab\u0161\u00edch rodin, nebo pom\u00e1hat s organizac\u00ed dokument\u00e1rn\u00edho festivalu Jeden sv\u011bt. <\/p>\n","protected":false},"author":2,"featured_media":703,"comment_status":"closed","ping_status":"closed","sticky":false,"template":"","format":"standard","meta":{"om_disable_all_campaigns":false,"_monsterinsights_skip_tracking":false,"_monsterinsights_sitenote_active":false,"_monsterinsights_sitenote_note":"","_monsterinsights_sitenote_category":0,"footnotes":""},"categories":[93],"tags":[86,10,87,89,88],"aioseo_notices":[],"_links":{"self":[{"href":"https:\/\/lk.regionalnidobrovolnickecentrum.cz\/subdom\/lk\/wp-json\/wp\/v2\/posts\/665"}],"collection":[{"href":"https:\/\/lk.regionalnidobrovolnickecentrum.cz\/subdom\/lk\/wp-json\/wp\/v2\/posts"}],"about":[{"href":"https:\/\/lk.regionalnidobrovolnickecentrum.cz\/subdom\/lk\/wp-json\/wp\/v2\/types\/post"}],"author":[{"embeddable":true,"href":"https:\/\/lk.regionalnidobrovolnickecentrum.cz\/subdom\/lk\/wp-json\/wp\/v2\/users\/2"}],"replies":[{"embeddable":true,"href":"https:\/\/lk.regionalnidobrovolnickecentrum.cz\/subdom\/lk\/wp-json\/wp\/v2\/comments?post=665"}],"version-history":[{"count":13,"href":"https:\/\/lk.regionalnidobrovolnickecentrum.cz\/subdom\/lk\/wp-json\/wp\/v2\/posts\/665\/revisions"}],"predecessor-version":[{"id":795,"href":"https:\/\/lk.regionalnidobrovolnickecentrum.cz\/subdom\/lk\/wp-json\/wp\/v2\/posts\/665\/revisions\/795"}],"wp:featuredmedia":[{"embeddable":true,"href":"https:\/\/lk.regionalnidobrovolnickecentrum.cz\/subdom\/lk\/wp-json\/wp\/v2\/media\/703"}],"wp:attachment":[{"href":"https:\/\/lk.regionalnidobrovolnickecentrum.cz\/subdom\/lk\/wp-json\/wp\/v2\/media?parent=665"}],"wp:term":[{"taxonomy":"category","embeddable":true,"href":"https:\/\/lk.regionalnidobrovolnickecentrum.cz\/subdom\/lk\/wp-json\/wp\/v2\/categories?post=665"},{"taxonomy":"post_tag","embeddable":true,"href":"https:\/\/lk.regionalnidobrovolnickecentrum.cz\/subdom\/lk\/wp-json\/wp\/v2\/tags?post=665"}],"curies":[{"name":"wp","href":"https:\/\/api.w.org\/{rel}","templated":true}]}}