{"id":690,"date":"2020-10-09T09:26:34","date_gmt":"2020-10-09T07:26:34","guid":{"rendered":"https:\/\/lk.regionalnidobrovolnickecentrum.cz\/subdom\/lk\/?p=690"},"modified":"2020-11-27T20:48:37","modified_gmt":"2020-11-27T19:48:37","slug":"den-otevrenych-dveri","status":"publish","type":"post","link":"https:\/\/lk.regionalnidobrovolnickecentrum.cz\/subdom\/lk\/den-otevrenych-dveri\/","title":{"rendered":"Den otev\u0159en\u00fdch dve\u0159\u00ed"},"content":{"rendered":"<p><strong>Dne 15. \u0159\u00edjna prob\u011bhne v&nbsp;Region\u00e1ln\u00edm dobrovolnick\u00e9m centru Libereck\u00e9ho kraje druh\u00fd Den otev\u0159en\u00fdch dve\u0159\u00ed. Jste srde\u010dn\u011b zv\u00e1ni.<\/strong><!--more--><\/p>\n<p>S velk\u00fdm \u00fasp\u011bchem prob\u011bhl v \u00fater\u00fd 15. z\u00e1\u0159\u00ed 2020 prvn\u00ed Den otev\u0159en\u00fdch dve\u0159\u00ed v Region\u00e1ln\u00edm dobrovolnick\u00e9m centru Liberec. Sezn\u00e1mit se s \u010dinnost\u00ed centra, prohl\u00e9dnout si nab\u00eddku dobrovolnick\u00fdch program\u016f v Libereck\u00e9m kraji a informovat se o mo\u017enostech spolupr\u00e1ce p\u0159i\u0161li z\u00e1stupci celkem 16 organizac\u00ed i z\u00e1jemci z \u0159ad ve\u0159ejnosti. Prostory na Sokolovsk\u00e9m n\u00e1m\u011bst\u00ed tak nav\u0161t\u00edvili mimo jin\u00e9 pracovn\u00edci Zoo Liberec, \u010clov\u011bka v t\u00edsni, Krajsk\u00e9 nemocnice Liberec, Domova pro seniory v Maxov\u011b a dal\u0161\u00edch organizac\u00ed. V\u0161em se ochotn\u011b v\u011bnovali lid\u00e9, kte\u0159\u00ed centrum vedou. \u201e<em>Vn\u00edm\u00e1m akci velmi pozitivn\u011b, bylo to opravdu mil\u00e9 setk\u00e1n\u00ed, jsem r\u00e1d, \u017ee je velik\u00fd z\u00e1jem o vzd\u011bl\u00e1v\u00e1n\u00ed i o spolupr\u00e1ci<\/em>,\u201c \u0159\u00edk\u00e1 vedouc\u00ed Region\u00e1ln\u00edho dobrovolnick\u00e9ho centra Michal \u010can\u010d\u00edk. \u201e<em>M\u011bl jsem radost, \u017ee tu byli jak z\u00e1stupci neziskovek, tak p\u0159\u00edsp\u011bvkov\u00fdch organizac\u00ed i lid\u00e9 z magistr\u00e1tu. Vn\u00edm\u00e1m, \u017ee se v&nbsp;r\u00e1mci Libereck\u00e9ho kraje d\u011bje mnoho skv\u011bl\u00fdch aktivit, je tu potenci\u00e1l na rozvoj i spousta skv\u011bl\u00fdch n\u00e1pad\u016f. Je toho mnoho, co se d\u00e1 v&nbsp;dobrovolnictv\u00ed ud\u011blat.<\/em>\u201c<\/p>\n<p>Spokojen\u00e1 byla tak\u00e9 Anna Kl\u00edmov\u00e1, asistentka vedouc\u00edho region\u00e1ln\u00edho pracovi\u0161t\u011b a koordin\u00e1torka dobrovoln\u00edk\u016f. \u201e<em>Hodnot\u00edm celou akci dob\u0159e, nesla se v&nbsp;p\u0159\u00e1telsk\u00e9m duchu. Pot\u011b\u0161il mne velk\u00fd z\u00e1jem o mo\u017enost se propojit, nav\u00e1zat spolupr\u00e1ci.<\/em>\u201c N\u011bkter\u00e9 organizace p\u0159i\u0161ly u\u017e i s&nbsp;konkr\u00e9tn\u00edmi n\u00e1vrhy: \u201e<em>Nap\u0159\u00edklad spole\u010dn\u011b se Zoo Liberec jsme diskutovali o z\u0159\u00edzen\u00ed charitativn\u00edho obch\u016fdku, kter\u00fd by pomohl rozvoji dobrovolnick\u00fdch program\u016f. Mnoho organizac\u00ed m\u00e1 tak\u00e9 z\u00e1jem o \u0161kolen\u00ed koordin\u00e1tor\u016f<\/em>.\u201c<\/p>\n<p><img loading=\"lazy\" decoding=\"async\" class=\"size-full wp-image-694 alignleft\" src=\"https:\/\/lk.regionalnidobrovolnickecentrum.cz\/subdom\/lk\/wp-content\/uploads\/2020\/10\/Den-otev\u0159en\u00fdch-dve\u0159\u00ed-RDC-2.jpg\" alt=\"\" width=\"300\" height=\"169\"><\/p>\n<p>Ne v\u0161ichni m\u011bli mo\u017enost 15. z\u00e1\u0159\u00ed p\u0159ij\u00edt, a proto prob\u011bhne 15. \u0159\u00edjna 2020 od 10:00 do 15:00 v&nbsp;Region\u00e1ln\u00edm dobrovolnick\u00e9m centru Liberec pokra\u010dov\u00e1n\u00ed Dne otev\u0159en\u00fdch dve\u0159\u00ed. Ov\u0161em s&nbsp;mal\u00fdmi obm\u011bnami, kter\u00e9 jsou d\u00e1ny aktu\u00e1ln\u00ed situac\u00ed.<\/p>\n<p>Tentokr\u00e1t je nutn\u00e9 se <u>p\u0159edem nahl\u00e1sit<\/u> u Anny Kl\u00edmov\u00e9 (kontakt je uveden\u00fd dole), proto\u017ee bude m\u00edt ka\u017ed\u00e1 organizace i z\u00e1stupci ve\u0159ejnosti p\u0159id\u011blen\u00fd \u010dasov\u00fd \u00fasek, abychom dodr\u017eeli maxim\u00e1ln\u00ed povolen\u00fd po\u010det osob. Nen\u00ed v\u0161ak t\u0159eba to vn\u00edmat pouze jako omezen\u00ed. T\u00edm, \u017ee bude m\u00edt ka\u017ed\u00e1 organizace \u010das vyhrazen\u00fd jen pro sebe, budou m\u00edt pracovn\u00edci dobrovolnick\u00e9ho centra dostate\u010dn\u00fd prostor i klid na to, aby se host\u016fm pozorn\u011b v\u011bnovali. Setk\u00e1n\u00ed prob\u011bhnou podle platn\u00fdch hygienick\u00fdch pokyn\u016f, vezm\u011bte si pros\u00edm s&nbsp;sebou rou\u0161ku.<\/p>\n<p>Srde\u010dn\u011b jsou zv\u00e1ni v\u0161ichni pracovn\u00edci m\u00edstn\u00edch dobrovolnick\u00fdch center, organizac\u00ed, kter\u00e9 vys\u00edlaj\u00ed nebo p\u0159ij\u00edmaj\u00ed dobrovoln\u00edky i z\u00e1jemci o dobrovolnictv\u00ed z&nbsp;\u0159ad ve\u0159ejnosti. Co n\u00e1v\u0161t\u011bvn\u00edky \u010dek\u00e1? Dozv\u00edte se o slu\u017eb\u00e1ch Region\u00e1ln\u00edho dobrovolnick\u00e9ho centra, o tom, \u010d\u00edm by mohlo pomoci pr\u00e1v\u011b Va\u0161\u00ed organizaci, sezn\u00e1m\u00edte se s&nbsp;nab\u00eddkou dota\u010dn\u00edch program\u016f i mo\u017enost\u00ed \u0161kolen\u00ed pro Va\u0161e pracovn\u00edky. K&nbsp;dispozici V\u00e1m budou i&nbsp;p\u0159\u00edklady dobr\u00e9 praxe a prohl\u00eddka charitativn\u00edho obchodu.<\/p>\n<p>Region\u00e1ln\u00ed dobrovolnick\u00e9 centrum je tu pro V\u00e1s, vzniklo s&nbsp;c\u00edlem propojit a podporovat dobrovolnictv\u00ed v&nbsp;Libereck\u00e9m kraji. V\u011b\u0159\u00edme, \u017ee i tento Den otev\u0159en\u00fdch dve\u0159\u00ed n\u00e1m pom\u016f\u017ee tento c\u00edl naplnit, a t\u011b\u0161\u00edme se na setk\u00e1n\u00ed s&nbsp;V\u00e1mi.<\/p>\n<p>Pokud si p\u0159ejete p\u0159ij\u00edt, obra\u0165te se pros\u00edm na Annu Kl\u00edmovou, kter\u00e1 s&nbsp;V\u00e1mi dojedn\u00e1 \u010das Va\u0161\u00ed n\u00e1v\u0161t\u011bvy:<\/p>\n<p><strong>Anna Kl\u00edmov\u00e1<\/strong><\/p>\n<p>Asistentka vedouc\u00edho region\u00e1ln\u00edho pracovi\u0161t\u011b a koordin\u00e1torka dobrovoln\u00edk\u016f<br \/>\n<strong>Mobil<\/strong>: 605 254 555<br \/>\n<strong>E-mail<\/strong>: anna.klimova@adra.cz<\/p>\n<p><a href=\"https:\/\/lk.regionalnidobrovolnickecentrum.cz\/subdom\/lk\/events\/event\/den-otevrenych-dveri-dobrovolnictvi-v-kraji-2\/\">Dal\u0161\u00ed informace o akci<\/a><\/p>\n<p>&nbsp;<\/p>\n<h4>Pod\u00edvejte se, jak to v\u0161echno prob\u00edhalo<\/h4>\n<p>&nbsp;<\/p>\n<p>[ngg src=&#8221;galleries&#8221; ids=&#8221;1&#8243; display=&#8221;basic_thumbnail&#8221;]&nbsp;<\/p>\n<p>&nbsp;<\/p>\n<p>&nbsp;<\/p>\n","protected":false},"excerpt":{"rendered":"<p>Dne 15. \u0159\u00edjna 2020 prob\u011bhne v Region\u00e1ln\u00edm dobrovolnick\u00e9m centru Libereck\u00e9ho kraje druh\u00fd Den otev\u0159en\u00fdch dve\u0159\u00ed, jeho\u017e smyslem je setk\u00e1n\u00ed s dobrovolnictv\u00edm. Jste srde\u010dn\u011b zv\u00e1ni.<\/p>\n","protected":false},"author":11,"featured_media":699,"comment_status":"closed","ping_status":"closed","sticky":false,"template":"","format":"standard","meta":{"om_disable_all_campaigns":false,"_monsterinsights_skip_tracking":false,"_monsterinsights_sitenote_active":false,"_monsterinsights_sitenote_note":"","_monsterinsights_sitenote_category":0,"footnotes":""},"categories":[5],"tags":[],"aioseo_notices":[],"_links":{"self":[{"href":"https:\/\/lk.regionalnidobrovolnickecentrum.cz\/subdom\/lk\/wp-json\/wp\/v2\/posts\/690"}],"collection":[{"href":"https:\/\/lk.regionalnidobrovolnickecentrum.cz\/subdom\/lk\/wp-json\/wp\/v2\/posts"}],"about":[{"href":"https:\/\/lk.regionalnidobrovolnickecentrum.cz\/subdom\/lk\/wp-json\/wp\/v2\/types\/post"}],"author":[{"embeddable":true,"href":"https:\/\/lk.regionalnidobrovolnickecentrum.cz\/subdom\/lk\/wp-json\/wp\/v2\/users\/11"}],"replies":[{"embeddable":true,"href":"https:\/\/lk.regionalnidobrovolnickecentrum.cz\/subdom\/lk\/wp-json\/wp\/v2\/comments?post=690"}],"version-history":[{"count":11,"href":"https:\/\/lk.regionalnidobrovolnickecentrum.cz\/subdom\/lk\/wp-json\/wp\/v2\/posts\/690\/revisions"}],"predecessor-version":[{"id":1068,"href":"https:\/\/lk.regionalnidobrovolnickecentrum.cz\/subdom\/lk\/wp-json\/wp\/v2\/posts\/690\/revisions\/1068"}],"wp:featuredmedia":[{"embeddable":true,"href":"https:\/\/lk.regionalnidobrovolnickecentrum.cz\/subdom\/lk\/wp-json\/wp\/v2\/media\/699"}],"wp:attachment":[{"href":"https:\/\/lk.regionalnidobrovolnickecentrum.cz\/subdom\/lk\/wp-json\/wp\/v2\/media?parent=690"}],"wp:term":[{"taxonomy":"category","embeddable":true,"href":"https:\/\/lk.regionalnidobrovolnickecentrum.cz\/subdom\/lk\/wp-json\/wp\/v2\/categories?post=690"},{"taxonomy":"post_tag","embeddable":true,"href":"https:\/\/lk.regionalnidobrovolnickecentrum.cz\/subdom\/lk\/wp-json\/wp\/v2\/tags?post=690"}],"curies":[{"name":"wp","href":"https:\/\/api.w.org\/{rel}","templated":true}]}}