{"id":756,"date":"2020-10-22T22:59:44","date_gmt":"2020-10-22T20:59:44","guid":{"rendered":"https:\/\/lk.regionalnidobrovolnickecentrum.cz\/subdom\/lk\/?p=756"},"modified":"2020-10-26T11:18:40","modified_gmt":"2020-10-26T10:18:40","slug":"trpaslik-potrebuje-nadseni-i-odpovednost","status":"publish","type":"post","link":"https:\/\/lk.regionalnidobrovolnickecentrum.cz\/subdom\/lk\/trpaslik-potrebuje-nadseni-i-odpovednost\/","title":{"rendered":"Trpasl\u00edk pot\u0159ebuje nad\u0161en\u00ed i odpov\u011bdnost"},"content":{"rendered":"<p>Ne, \u010cerven\u00fd trpasl\u00edk nen\u00ed jen vesm\u00edrn\u00e1 lo\u010f bloud\u00edc\u00ed t\u0159i tis\u00edce let v&nbsp;budoucnu kdesi ve vesm\u00edru, ale tak\u00e9 centrum zalo\u017een\u00e9 v&nbsp;roce 2016 \u0159editelkou Oblastn\u00edho spolku \u010cesk\u00e9ho \u010derven\u00e9ho k\u0159\u00ed\u017ee v&nbsp;Jablonci nad Nisou, Kate\u0159inou Havlovou, s&nbsp;c\u00edlem vytvo\u0159it dlouhodobou a kvalitn\u00ed platformu pro dobrovolnictv\u00ed.<!--more--><\/p>\n<p>\u201e\u010cesk\u00fd \u010derven\u00fd k\u0159\u00ed\u017e m\u00e1 neform\u00e1ln\u00ed dobrovolnictv\u00ed, kter\u00e9 se to\u010d\u00ed p\u0159ev\u00e1\u017en\u011b kolem prvn\u00ed pomoci. V&nbsp;\u0161ir\u0161\u00edm m\u011b\u0159\u00edtku v\u0161ak s&nbsp;dobrovoln\u00edky nepracuje,\u201c vysv\u011btluje Kate\u0159ina Havlov\u00e1 motivaci, kter\u00e1 k&nbsp;zalo\u017een\u00ed centra vedla. Vedle n\u00ed sed\u00ed v&nbsp;jabloneck\u00e9 kancel\u00e1\u0159i Vendula Prouskov\u00e1, \u0159editelka \u010cerven\u00e9ho trpasl\u00edka a hlavn\u00ed koordin\u00e1torka dobrovoln\u00edk\u016f. Pod stolem le\u017e\u00ed t\u0159i z\u00e1chran\u00e1\u0159\u0161t\u00ed psi, na okna bubnuje d\u00e9\u0161\u0165 a je pr\u00fd vyhl\u00e1\u0161en\u00fd prvn\u00ed povod\u0148ov\u00fd stupe\u0148. P\u0159esto\u017ee dobrovoln\u00edci \u010dasto p\u0159i povodn\u00edch pom\u00e1haj\u00ed, bude hlavn\u00ed t\u00e9ma dne\u0161n\u00edho rozhovoru odli\u0161n\u00e9. Od pond\u011bl\u00ed 11. \u0159\u00edjna je vyhl\u00e1\u0161en\u00fd nouzov\u00fd stav kv\u016fli Covid-19 a dobrovoln\u00edci te\u010f pom\u00e1haj\u00ed p\u0159edev\u0161\u00edm v&nbsp;pe\u010dovatelsk\u00fdch domech s&nbsp;p\u00e9\u010d\u00ed o seniory i p\u0159i intenzivn\u00ed dezinfekci povrch\u016f. Rozj\u00ed\u017ed\u00ed se tak\u00e9 slu\u017eba doru\u010dov\u00e1n\u00ed l\u00e9k\u016f a potravin do dom\u00e1cnost\u00ed.<\/p>\n<p>Pod hlavi\u010dkou \u010cerven\u00e9ho trpasl\u00edka pom\u00e1haj\u00ed lid\u00e9 nejr\u016fzn\u011bj\u0161\u00edho v\u011bku, profes\u00ed i osud\u016f. \u201eKa\u017ed\u00fd z nich m\u00e1 sv\u016fj zaj\u00edmav\u00fd p\u0159\u00edb\u011bh, i ten, kdo vypad\u00e1 na prvn\u00ed pohled \u00fapln\u011b oby\u010dejn\u011b. Na ja\u0159e se n\u00e1m jako dobrovoln\u00edci nahl\u00e1sili t\u0159eba dva majitel\u00e9 penzion\u016f,\u201c vzpom\u00ednaj\u00ed Kate\u0159ina s Vendulou na prvn\u00ed leto\u0161n\u00ed vlnu pandemie. \u201eOdpadli jim klienti, tak\u017ee nem\u011bli pr\u00e1ci a cht\u011bli b\u00fdt u\u017eite\u010dn\u00ed.\u201c<\/p>\n<p>&nbsp;<\/p>\n<figure id=\"attachment_761\" aria-describedby=\"caption-attachment-761\" style=\"width: 300px\" class=\"wp-caption alignleft\"><img loading=\"lazy\" decoding=\"async\" class=\"wp-image-761 size-medium\" src=\"https:\/\/lk.regionalnidobrovolnickecentrum.cz\/subdom\/lk\/wp-content\/uploads\/2020\/10\/Vendula-Prouskova-web-300x167.jpg\" alt=\"\" width=\"300\" height=\"167\" srcset=\"https:\/\/lk.regionalnidobrovolnickecentrum.cz\/subdom\/lk\/wp-content\/uploads\/2020\/10\/Vendula-Prouskova-web-300x167.jpg 300w, https:\/\/lk.regionalnidobrovolnickecentrum.cz\/subdom\/lk\/wp-content\/uploads\/2020\/10\/Vendula-Prouskova-web-768x427.jpg 768w, https:\/\/lk.regionalnidobrovolnickecentrum.cz\/subdom\/lk\/wp-content\/uploads\/2020\/10\/Vendula-Prouskova-web.jpg 800w\" sizes=\"(max-width: 300px) 100vw, 300px\" \/><figcaption id=\"caption-attachment-761\" class=\"wp-caption-text\">Vendula Prouskov\u00e1, \u0159editelka \u010cerven\u00e9ho trpasl\u00edka<\/figcaption><\/figure>\n<p>Nad\u0161en\u00ed dobrovoln\u00edk\u016f je velik\u00e9, ale samo o sob\u011b nesta\u010d\u00ed. Nem\u00e9n\u011b d\u016fle\u017eit\u00e1 je empatie, odpov\u011bdnost za sv\u011b\u0159en\u00fd \u00fakol, ale tak\u00e9 kvalitn\u00ed v\u00fdcvik. A na ten \u010cerven\u00fd trpasl\u00edk c\u00edl\u00ed. Na po\u010d\u00e1tku \u010dek\u00e1 z\u00e1jemce osobn\u00ed rozhovor, kter\u00fd prov\u011b\u0159\u00ed jejich lidsk\u00e9 kvality, schopnost komunikace i praktick\u00e9ho jedn\u00e1n\u00ed. \u201eB\u011bhem jara jsme nejen vozili senior\u016fm n\u00e1kupy a \u0161ili rou\u0161ky, ale pom\u00e1hali v\u0161ude, kde bylo pot\u0159eba. Ven\u010dili jsme psy, starali se o slepice a kr\u00e1l\u00edky, spravovali televizi a montovali ant\u00e9nu\u2026,\u201c sm\u011bj\u00ed se Kate\u0159ina s Vendulou. \u201eD\u016fle\u017eit\u00e9 bylo, aby byli lid\u00e9 v pohod\u011b.\u201c A lid\u00e9 si jejich pomoci v\u00e1\u017eili. \u201eN\u011bkdo zavolal a pod\u011bkoval, n\u011bkte\u0159\u00ed napsali dopis a jedna pan\u00ed n\u00e1m dokonce poslala velikono\u010dn\u00edho ber\u00e1nka.\u201c<\/p>\n<p>Kdy\u017e v&nbsp;jednom dom\u011b s&nbsp;pe\u010dovatelskou slu\u017ebou zru\u0161ili obl\u00edbenou Kloboukovou p\u00e1rty, sebrali spolu s&nbsp;far\u00e1\u0159em Romanem Hampacherem kytary i psy a jeli ud\u011blat senior\u016fm koncert. \u201eCentrum soci\u00e1ln\u00edch slu\u017eeb n\u00e1m zajistilo ozvu\u010den\u00ed a jeden kamar\u00e1d d\u011blal speci\u00e1ln\u00ed efekty, t\u0159eba bublinky, kter\u00e9 krom\u011b n\u00e1s maj\u00ed snad jen Chinaski,\u201c vzpom\u00edn\u00e1 Kate\u0159ina. \u201eHr\u00e1li jsme venku, senio\u0159i st\u00e1li na balkonech v&nbsp;klobouc\u00edch p\u0159ipraven\u00fdch na p\u00e1rty.\u201c Jedna pan\u00ed na voz\u00edku obj\u00edmala se slzami v&nbsp;o\u010d\u00edch z\u00e1chran\u00e1\u0159sk\u00e9ho psa, proto\u017ee je v&nbsp;domov\u011b u\u017e sedm let a \u010dty\u0159noh\u00e9ho p\u0159\u00edtele tu m\u00edt nesm\u00ed.<\/p>\n<p>Koncert m\u011bl fenomen\u00e1ln\u00ed \u00fasp\u011bch, nejen u senior\u016f, ale tak\u00e9 u pe\u010dovatel\u016f, kte\u0159\u00ed nad\u0161en\u011b sd\u00edleli odkazy na facebooku. Zopakovali jej nakonec celkem sedmn\u00e1ctkr\u00e1t \u2013 ve Smr\u017eovce, Fr\u00fddlantu, Liberci Franti\u0161kov\u011b, Jabloneck\u00fdch pasek\u00e1ch\u2026<\/p>\n<p>Te\u010f na podzim si \u010cerven\u00fd trpasl\u00edk a jeho p\u0159\u00e1tel\u00e9 vzhledem k z\u00e1kazu zp\u011bvu asi moc nezakoncertuj\u00ed, ani nepod\u011bkuj\u00ed sv\u00fdm dobrovoln\u00edk\u016fm plesem v listopadu, jak m\u011bli napl\u00e1nov\u00e1no. M\u00edsto toho op\u011bt naplno pom\u00e1haj\u00ed p\u0159i sou\u010dasn\u00e9 vln\u011b epidemie tam, kde je pot\u0159eba. Pokud byste cht\u011bli roz\u0161\u00ed\u0159it jejich \u0159ady, jste srde\u010dn\u011b zv\u00e1ni, a to nejen v obdob\u00ed pandemie, ale tak\u00e9 v dob\u00e1ch klidu, nejen p\u0159i pomoci senior\u016fm, ale tak\u00e9 t\u0159eba p\u0159i pr\u00e1ci s d\u011btmi. A u\u010dinit to m\u016f\u017eete nejen pro druh\u00e9, ale tak\u00e9 pro sebe. Kdy\u017e toti\u017e d\u00e1me druh\u00e9mu \u010dlov\u011bku svou pozornost, p\u00e9\u010di a \u010das, obdarov\u00e1v\u00e1me a obohacujeme t\u00edm nejen jeho, ale i n\u00e1s sam\u00e9.<\/p>\n<p>&nbsp;<\/p>\n","protected":false},"excerpt":{"rendered":"<p>Centrum \u010cerven\u00fd trpasl\u00edk zalo\u017eila v roce 2016 \u0159editelka Oblastn\u00edho spolku \u010cesk\u00e9ho \u010derven\u00e9ho k\u0159\u00ed\u017ee v Jablonci nad Nisou, Kate\u0159ina Havlov\u00e1, s c\u00edlem vytvo\u0159it dlouhodobou a kvalitn\u00ed platformu pro dobrovolnictv\u00ed.<\/p>\n","protected":false},"author":11,"featured_media":771,"comment_status":"closed","ping_status":"closed","sticky":false,"template":"","format":"standard","meta":{"om_disable_all_campaigns":false,"_monsterinsights_skip_tracking":false,"_monsterinsights_sitenote_active":false,"_monsterinsights_sitenote_note":"","_monsterinsights_sitenote_category":0,"footnotes":""},"categories":[93],"tags":[],"aioseo_notices":[],"_links":{"self":[{"href":"https:\/\/lk.regionalnidobrovolnickecentrum.cz\/subdom\/lk\/wp-json\/wp\/v2\/posts\/756"}],"collection":[{"href":"https:\/\/lk.regionalnidobrovolnickecentrum.cz\/subdom\/lk\/wp-json\/wp\/v2\/posts"}],"about":[{"href":"https:\/\/lk.regionalnidobrovolnickecentrum.cz\/subdom\/lk\/wp-json\/wp\/v2\/types\/post"}],"author":[{"embeddable":true,"href":"https:\/\/lk.regionalnidobrovolnickecentrum.cz\/subdom\/lk\/wp-json\/wp\/v2\/users\/11"}],"replies":[{"embeddable":true,"href":"https:\/\/lk.regionalnidobrovolnickecentrum.cz\/subdom\/lk\/wp-json\/wp\/v2\/comments?post=756"}],"version-history":[{"count":11,"href":"https:\/\/lk.regionalnidobrovolnickecentrum.cz\/subdom\/lk\/wp-json\/wp\/v2\/posts\/756\/revisions"}],"predecessor-version":[{"id":780,"href":"https:\/\/lk.regionalnidobrovolnickecentrum.cz\/subdom\/lk\/wp-json\/wp\/v2\/posts\/756\/revisions\/780"}],"wp:featuredmedia":[{"embeddable":true,"href":"https:\/\/lk.regionalnidobrovolnickecentrum.cz\/subdom\/lk\/wp-json\/wp\/v2\/media\/771"}],"wp:attachment":[{"href":"https:\/\/lk.regionalnidobrovolnickecentrum.cz\/subdom\/lk\/wp-json\/wp\/v2\/media?parent=756"}],"wp:term":[{"taxonomy":"category","embeddable":true,"href":"https:\/\/lk.regionalnidobrovolnickecentrum.cz\/subdom\/lk\/wp-json\/wp\/v2\/categories?post=756"},{"taxonomy":"post_tag","embeddable":true,"href":"https:\/\/lk.regionalnidobrovolnickecentrum.cz\/subdom\/lk\/wp-json\/wp\/v2\/tags?post=756"}],"curies":[{"name":"wp","href":"https:\/\/api.w.org\/{rel}","templated":true}]}}